{"id":1585,"date":"2021-02-22T16:46:43","date_gmt":"2021-02-22T16:46:43","guid":{"rendered":"http:\/\/www.redestiempolibremurcia.es\/?p=1585"},"modified":"2026-03-23T17:13:55","modified_gmt":"2026-03-23T17:13:55","slug":"lengua-de-signos-iniciacion","status":"publish","type":"post","link":"https:\/\/www.redestiempolibremurcia.es\/?p=1585","title":{"rendered":"LENGUA DE SIGNOS (12-30 A\u00d1OS)"},"content":{"rendered":"\t\t<div data-elementor-type=\"wp-post\" data-elementor-id=\"1585\" class=\"elementor elementor-1585\">\n\t\t\t\t\t\t<section class=\"elementor-section elementor-top-section elementor-element elementor-element-5b35622c elementor-section-boxed elementor-section-height-default elementor-section-height-default\" data-id=\"5b35622c\" data-element_type=\"section\">\n\t\t\t\t\t\t<div class=\"elementor-container elementor-column-gap-default\">\n\t\t\t\t\t<div class=\"elementor-column elementor-col-100 elementor-top-column elementor-element elementor-element-736905e3\" data-id=\"736905e3\" data-element_type=\"column\">\n\t\t\t<div class=\"elementor-widget-wrap elementor-element-populated\">\n\t\t\t\t\t\t<div class=\"elementor-element elementor-element-e6a8410 elementor-widget elementor-widget-image\" data-id=\"e6a8410\" data-element_type=\"widget\" data-widget_type=\"image.default\">\n\t\t\t\t<div class=\"elementor-widget-container\">\n\t\t\t\t\t\t\t\t\t\t\t\t\t\t\t<img decoding=\"async\" src=\"http:\/\/www.redestiempolibremurcia.es\/wp-content\/uploads\/2020\/09\/Lengua-de-signos.jpg\" title=\"\" alt=\"\" loading=\"lazy\" \/>\t\t\t\t\t\t\t\t\t\t\t\t\t\t\t<\/div>\n\t\t\t\t<\/div>\n\t\t\t\t<div class=\"elementor-element elementor-element-e23605b elementor-widget elementor-widget-image\" data-id=\"e23605b\" data-element_type=\"widget\" data-widget_type=\"image.default\">\n\t\t\t\t<div class=\"elementor-widget-container\">\n\t\t\t\t\t\t\t\t\t\t\t\t\t\t\t<img fetchpriority=\"high\" decoding=\"async\" width=\"800\" height=\"534\" src=\"https:\/\/www.redestiempolibremurcia.es\/wp-content\/uploads\/2021\/01\/LENGUA-DE-SIGNOS-1024x683.jpg\" class=\"attachment-large size-large wp-image-1151\" alt=\"\" srcset=\"https:\/\/www.redestiempolibremurcia.es\/wp-content\/uploads\/2021\/01\/LENGUA-DE-SIGNOS-1024x683.jpg 1024w, https:\/\/www.redestiempolibremurcia.es\/wp-content\/uploads\/2021\/01\/LENGUA-DE-SIGNOS-300x200.jpg 300w, https:\/\/www.redestiempolibremurcia.es\/wp-content\/uploads\/2021\/01\/LENGUA-DE-SIGNOS-768x512.jpg 768w, https:\/\/www.redestiempolibremurcia.es\/wp-content\/uploads\/2021\/01\/LENGUA-DE-SIGNOS-272x182.jpg 272w, https:\/\/www.redestiempolibremurcia.es\/wp-content\/uploads\/2021\/01\/LENGUA-DE-SIGNOS.jpg 1413w\" sizes=\"(max-width: 800px) 100vw, 800px\" \/>\t\t\t\t\t\t\t\t\t\t\t\t\t\t\t<\/div>\n\t\t\t\t<\/div>\n\t\t\t\t<div class=\"elementor-element elementor-element-69567144 elementor-widget elementor-widget-text-editor\" data-id=\"69567144\" data-element_type=\"widget\" data-widget_type=\"text-editor.default\">\n\t\t\t\t<div class=\"elementor-widget-container\">\n\t\t\t\t\t\t\t\t\t<p>En este taller, los participantes, a trav\u00e9s de los contenidos que se le ofrecen a lo largo de las sesiones, adquieren los conceptos b\u00e1sicos para introducirse y comunicarse en LSE\u00a0 a nivel de iniciaci\u00f3n, conocer la Comunidad Sorda, a las Personas Sordociegas y la figura del Int\u00e9rprete de Lengua de Signos.<\/p><p>El objetivo general del curso es conocer el colectivo de personas sordas, su cultura y su red asociativa. Aprender unas \u201cnormas de comportamiento\u201d para poder relacionarse con personas sordas en situaciones cotidianas. Dominar unos conocimientos b\u00e1sicos de Lengua de Signos para poder desenvolverse comunic\u00e1ndose en esta lengua en diferentes situaciones. Practicar la expresi\u00f3n facial y corporal ya que es muy importante en esta lengua. Descubrir la existencia del colectivo de personas sordociegas. Conocer la figura del Int\u00e9rprete de Lengua de Signos y su papel dentro de la vida de las personas sordas.<\/p>\t\t\t\t\t\t\t\t<\/div>\n\t\t\t\t<\/div>\n\t\t\t\t<div class=\"elementor-element elementor-element-7720416 elementor-widget-divider--view-line elementor-widget elementor-widget-divider\" data-id=\"7720416\" data-element_type=\"widget\" data-widget_type=\"divider.default\">\n\t\t\t\t<div class=\"elementor-widget-container\">\n\t\t\t\t\t\t\t<div class=\"elementor-divider\">\n\t\t\t<span class=\"elementor-divider-separator\">\n\t\t\t\t\t\t<\/span>\n\t\t<\/div>\n\t\t\t\t\t\t<\/div>\n\t\t\t\t<\/div>\n\t\t\t\t<section class=\"elementor-section elementor-inner-section elementor-element elementor-element-6c9f8e7 elementor-section-boxed elementor-section-height-default elementor-section-height-default\" data-id=\"6c9f8e7\" data-element_type=\"section\">\n\t\t\t\t\t\t<div class=\"elementor-container elementor-column-gap-default\">\n\t\t\t\t\t<div class=\"elementor-column elementor-col-50 elementor-inner-column elementor-element elementor-element-5175009\" data-id=\"5175009\" data-element_type=\"column\">\n\t\t\t<div class=\"elementor-widget-wrap elementor-element-populated\">\n\t\t\t\t\t\t<div class=\"elementor-element elementor-element-4a9de3c elementor-widget elementor-widget-text-editor\" data-id=\"4a9de3c\" data-element_type=\"widget\" data-widget_type=\"text-editor.default\">\n\t\t\t\t<div class=\"elementor-widget-container\">\n\t\t\t\t\t\t\t\t\t<p><strong>Fechas<\/strong><\/p><ul><li><p>Viernes 17\/24 abril, 8\/15\/22\/29 mayo, 5\/12 junio<\/p><\/li><\/ul><p><strong>Horario<\/strong><\/p><ul><li>16.30-18.00<\/li><\/ul>\t\t\t\t\t\t\t\t<\/div>\n\t\t\t\t<\/div>\n\t\t\t\t\t<\/div>\n\t\t<\/div>\n\t\t\t\t<div class=\"elementor-column elementor-col-50 elementor-inner-column elementor-element elementor-element-fb170f8\" data-id=\"fb170f8\" data-element_type=\"column\">\n\t\t\t<div class=\"elementor-widget-wrap elementor-element-populated\">\n\t\t\t\t\t\t<div class=\"elementor-element elementor-element-1372219 elementor-widget elementor-widget-text-editor\" data-id=\"1372219\" data-element_type=\"widget\" data-widget_type=\"text-editor.default\">\n\t\t\t\t<div class=\"elementor-widget-container\">\n\t\t\t\t\t\t\t\t\t<p><strong>Lugar<\/strong><\/p><p>Espacio Joven 585<\/p><p>Murcia.<\/p>\t\t\t\t\t\t\t\t<\/div>\n\t\t\t\t<\/div>\n\t\t\t\t<div class=\"elementor-element elementor-element-aefca64 elementor-widget elementor-widget-google_maps\" data-id=\"aefca64\" data-element_type=\"widget\" data-widget_type=\"google_maps.default\">\n\t\t\t\t<div class=\"elementor-widget-container\">\n\t\t\t\t\t\t\t<div class=\"elementor-custom-embed\">\n\t\t\t<iframe loading=\"lazy\"\n\t\t\t\t\tsrc=\"https:\/\/maps.google.com\/maps?q=Espacio%20Joven%20585%2C%20Murcia&#038;t=m&#038;z=16&#038;output=embed&#038;iwloc=near\"\n\t\t\t\t\ttitle=\"Espacio Joven 585, Murcia\"\n\t\t\t\t\taria-label=\"Espacio Joven 585, Murcia\"\n\t\t\t><\/iframe>\n\t\t<\/div>\n\t\t\t\t\t\t<\/div>\n\t\t\t\t<\/div>\n\t\t\t\t\t<\/div>\n\t\t<\/div>\n\t\t\t\t\t<\/div>\n\t\t<\/section>\n\t\t\t\t<div class=\"elementor-element elementor-element-7279a2e elementor-widget elementor-widget-text-editor\" data-id=\"7279a2e\" data-element_type=\"widget\" data-widget_type=\"text-editor.default\">\n\t\t\t\t<div class=\"elementor-widget-container\">\n\t\t\t\t\t\t\t\t\t<p><strong><span style=\"color:red\">Es obligado y necesario que rellenes la\npesta\u00f1a de \u00abINSCRIPCI\u00d3N\u00bb de la web y adjuntes los documentos\nsolicitados :<\/span><\/strong><o:p><\/o:p><\/p><p><strong><span style=\"color:red\">&#8211; Si eres mayor de edad DNI<\/span><\/strong><o:p><\/o:p><\/p><p><strong><span style=\"color:red\">&#8211; Si en tu DNI el domicilio&nbsp; no corresponde al municipio de Murcia,\nnecesitar\u00e1s adjuntar alg\u00fan documento que acredite que resides, estudias o\ntrabajas en el municipio de Murcia<\/span><\/strong><o:p><\/o:p><\/p><p><strong><span style=\"color:red\">&#8211; Si eres menor de edad DNI&nbsp; , DNI de\nla persona que autoriza al menor de edad y el Documento de inscripci\u00f3n y\nautorizaci\u00f3n de menores de edad.<\/span><\/strong><o:p><\/o:p><\/p><p>\n\n\n\n\n\n\n\n<\/p><p><a href=\"https:\/\/salzilloseguridad-my.sharepoint.com\/:b:\/g\/personal\/redesmurcia_salzillosi_com\/EeXGihYIK8hMkk9pIuhcD8UBeFlH9J3y_fAgoAj4kAXswQ?e=8W0grH\"><b><span style=\"font-size:11.0pt\">Descargar\ndocumento de inscripci\u00f3n y autorizaci\u00f3n a menores de edad<\/span><\/b><\/a><b><o:p><\/o:p><\/b><\/p>\n<p>En esta actividad solo podr\u00e1n participar j\u00f3venes de 12 a 30 a\u00f1os, residentes en el municipio de Murcia.<\/p>\t\t\t\t\t\t\t\t<\/div>\n\t\t\t\t<\/div>\n\t\t\t\t\t<\/div>\n\t\t<\/div>\n\t\t\t\t\t<\/div>\n\t\t<\/section>\n\t\t\t\t<\/div>\n\t\t","protected":false},"excerpt":{"rendered":"<p>En este taller, los participantes, a trav\u00e9s de los contenidos que se le ofrecen a lo largo de las sesiones, adquieren los conceptos b\u00e1sicos para introducirse y comunicarse en LSE\u00a0 a nivel de iniciaci\u00f3n, conocer la Comunidad Sorda, a las Personas Sordociegas y la figura del Int\u00e9rprete de Lengua de Signos. El objetivo general del [&hellip;]<\/p>\n","protected":false},"author":1,"featured_media":1151,"comment_status":"closed","ping_status":"closed","sticky":false,"template":"","format":"standard","meta":{"_eb_attr":"","footnotes":""},"categories":[1,20],"tags":[],"class_list":["post-1585","post","type-post","status-publish","format-standard","has-post-thumbnail","hentry","category-actividades","category-viernes"],"_links":{"self":[{"href":"https:\/\/www.redestiempolibremurcia.es\/index.php?rest_route=\/wp\/v2\/posts\/1585","targetHints":{"allow":["GET"]}}],"collection":[{"href":"https:\/\/www.redestiempolibremurcia.es\/index.php?rest_route=\/wp\/v2\/posts"}],"about":[{"href":"https:\/\/www.redestiempolibremurcia.es\/index.php?rest_route=\/wp\/v2\/types\/post"}],"author":[{"embeddable":true,"href":"https:\/\/www.redestiempolibremurcia.es\/index.php?rest_route=\/wp\/v2\/users\/1"}],"replies":[{"embeddable":true,"href":"https:\/\/www.redestiempolibremurcia.es\/index.php?rest_route=%2Fwp%2Fv2%2Fcomments&post=1585"}],"version-history":[{"count":81,"href":"https:\/\/www.redestiempolibremurcia.es\/index.php?rest_route=\/wp\/v2\/posts\/1585\/revisions"}],"predecessor-version":[{"id":8592,"href":"https:\/\/www.redestiempolibremurcia.es\/index.php?rest_route=\/wp\/v2\/posts\/1585\/revisions\/8592"}],"wp:featuredmedia":[{"embeddable":true,"href":"https:\/\/www.redestiempolibremurcia.es\/index.php?rest_route=\/wp\/v2\/media\/1151"}],"wp:attachment":[{"href":"https:\/\/www.redestiempolibremurcia.es\/index.php?rest_route=%2Fwp%2Fv2%2Fmedia&parent=1585"}],"wp:term":[{"taxonomy":"category","embeddable":true,"href":"https:\/\/www.redestiempolibremurcia.es\/index.php?rest_route=%2Fwp%2Fv2%2Fcategories&post=1585"},{"taxonomy":"post_tag","embeddable":true,"href":"https:\/\/www.redestiempolibremurcia.es\/index.php?rest_route=%2Fwp%2Fv2%2Ftags&post=1585"}],"curies":[{"name":"wp","href":"https:\/\/api.w.org\/{rel}","templated":true}]}}