{"id":1714,"date":"2021-03-25T17:45:06","date_gmt":"2021-03-25T17:45:06","guid":{"rendered":"http:\/\/www.redestiempolibremurcia.es\/?p=1714"},"modified":"2026-03-23T17:18:46","modified_gmt":"2026-03-23T17:18:46","slug":"customizacion-de-ropa-2","status":"publish","type":"post","link":"https:\/\/www.redestiempolibremurcia.es\/?p=1714","title":{"rendered":"PERSONALIZA TU LOOK (CUSTOMIZACI\u00d3N DE ROPA) (12-30 a\u00f1os)"},"content":{"rendered":"\t\t<div data-elementor-type=\"wp-post\" data-elementor-id=\"1714\" class=\"elementor elementor-1714\">\n\t\t\t\t\t\t<section class=\"elementor-section elementor-top-section elementor-element elementor-element-5b35622c elementor-section-boxed elementor-section-height-default elementor-section-height-default\" data-id=\"5b35622c\" data-element_type=\"section\">\n\t\t\t\t\t\t<div class=\"elementor-container elementor-column-gap-default\">\n\t\t\t\t\t<div class=\"elementor-column elementor-col-100 elementor-top-column elementor-element elementor-element-736905e3\" data-id=\"736905e3\" data-element_type=\"column\">\n\t\t\t<div class=\"elementor-widget-wrap elementor-element-populated\">\n\t\t\t\t\t\t<div class=\"elementor-element elementor-element-e6a8410 elementor-widget elementor-widget-image\" data-id=\"e6a8410\" data-element_type=\"widget\" data-widget_type=\"image.default\">\n\t\t\t\t<div class=\"elementor-widget-container\">\n\t\t\t\t\t\t\t\t\t\t\t\t\t\t\t<img decoding=\"async\" src=\"http:\/\/www.redestiempolibremurcia.es\/wp-content\/uploads\/2020\/09\/Depositphotos_325298252_l-2015.jpg\" title=\"\" alt=\"\" loading=\"lazy\" \/>\t\t\t\t\t\t\t\t\t\t\t\t\t\t\t<\/div>\n\t\t\t\t<\/div>\n\t\t\t\t<div class=\"elementor-element elementor-element-555d931 elementor-widget elementor-widget-image\" data-id=\"555d931\" data-element_type=\"widget\" data-widget_type=\"image.default\">\n\t\t\t\t<div class=\"elementor-widget-container\">\n\t\t\t\t\t\t\t\t\t\t\t\t\t\t\t<img fetchpriority=\"high\" decoding=\"async\" width=\"551\" height=\"361\" src=\"https:\/\/www.redestiempolibremurcia.es\/wp-content\/uploads\/2021\/03\/customizacion.jpg\" class=\"attachment-large size-large wp-image-6298\" alt=\"\" srcset=\"https:\/\/www.redestiempolibremurcia.es\/wp-content\/uploads\/2021\/03\/customizacion.jpg 551w, https:\/\/www.redestiempolibremurcia.es\/wp-content\/uploads\/2021\/03\/customizacion-300x197.jpg 300w\" sizes=\"(max-width: 551px) 100vw, 551px\" \/>\t\t\t\t\t\t\t\t\t\t\t\t\t\t\t<\/div>\n\t\t\t\t<\/div>\n\t\t\t\t<div class=\"elementor-element elementor-element-69567144 elementor-widget elementor-widget-text-editor\" data-id=\"69567144\" data-element_type=\"widget\" data-widget_type=\"text-editor.default\">\n\t\t\t\t<div class=\"elementor-widget-container\">\n\t\t\t\t\t\t\t\t\t<p><strong>Iniciac\u00ed\u00f3n a la transformac\u00ed\u00f3n de ropa vaquera con costura creativa b\u00e1sica, pintura en tela, bordado y adorno con abalorios.<\/strong><\/p><p><strong><u>Materiales b\u00e1sicos<\/u><\/strong><\/p><p>&#8211; Una prenda vaquera\u00a0<\/p><p>&#8211; Un costurero b\u00e1sico: : agujas, hilo , tijeras , dedal ..<\/p><p>El resto de materiales se explicar\u00e1n en el taller el primer d\u00eda.<\/p><p><span style=\"color: #ff0000;\">Los materiales necesarios para el taller, ser\u00e1n aportados por el participante.<\/span><\/p>\t\t\t\t\t\t\t\t<\/div>\n\t\t\t\t<\/div>\n\t\t\t\t<div class=\"elementor-element elementor-element-7720416 elementor-widget-divider--view-line elementor-widget elementor-widget-divider\" data-id=\"7720416\" data-element_type=\"widget\" data-widget_type=\"divider.default\">\n\t\t\t\t<div class=\"elementor-widget-container\">\n\t\t\t\t\t\t\t<div class=\"elementor-divider\">\n\t\t\t<span class=\"elementor-divider-separator\">\n\t\t\t\t\t\t<\/span>\n\t\t<\/div>\n\t\t\t\t\t\t<\/div>\n\t\t\t\t<\/div>\n\t\t\t\t<section class=\"elementor-section elementor-inner-section elementor-element elementor-element-6c9f8e7 elementor-section-boxed elementor-section-height-default elementor-section-height-default\" data-id=\"6c9f8e7\" data-element_type=\"section\">\n\t\t\t\t\t\t<div class=\"elementor-container elementor-column-gap-default\">\n\t\t\t\t\t<div class=\"elementor-column elementor-col-50 elementor-inner-column elementor-element elementor-element-5175009\" data-id=\"5175009\" data-element_type=\"column\">\n\t\t\t<div class=\"elementor-widget-wrap elementor-element-populated\">\n\t\t\t\t\t\t<div class=\"elementor-element elementor-element-4a9de3c elementor-widget elementor-widget-text-editor\" data-id=\"4a9de3c\" data-element_type=\"widget\" data-widget_type=\"text-editor.default\">\n\t\t\t\t<div class=\"elementor-widget-container\">\n\t\t\t\t\t\t\t\t\t<p><strong>Fechas<\/strong><\/p><ul><li><p>S\u00e1bado 18\/25 abril, 9\/16\/22\/23\/30 mayo, 6\/13 junio<span class=\"EOP SCXW218505623 BCX0\" data-ccp-props=\"{&quot;201341983&quot;:0,&quot;335559739&quot;:0,&quot;335559740&quot;:259}\">\u00a0<\/span><\/p><\/li><\/ul><p><strong>Horario<\/strong><\/p><ul><li>11.30 &#8211; 13: 00<\/li><\/ul>\t\t\t\t\t\t\t\t<\/div>\n\t\t\t\t<\/div>\n\t\t\t\t\t<\/div>\n\t\t<\/div>\n\t\t\t\t<div class=\"elementor-column elementor-col-50 elementor-inner-column elementor-element elementor-element-fb170f8\" data-id=\"fb170f8\" data-element_type=\"column\">\n\t\t\t<div class=\"elementor-widget-wrap elementor-element-populated\">\n\t\t\t\t\t\t<div class=\"elementor-element elementor-element-1372219 elementor-widget elementor-widget-text-editor\" data-id=\"1372219\" data-element_type=\"widget\" data-widget_type=\"text-editor.default\">\n\t\t\t\t<div class=\"elementor-widget-container\">\n\t\t\t\t\t\t\t\t\t<h5><strong>Lugar<\/strong><\/h5><div><p class=\"section-hero-header-title-title GLOBAL__gm2-headline-5\">Espacio Joven 585<\/p><p class=\"section-hero-header-title-title GLOBAL__gm2-headline-5\">Bajo, Pl. Toledo, s\/n, 30009 Murcia<\/p><\/div>\t\t\t\t\t\t\t\t<\/div>\n\t\t\t\t<\/div>\n\t\t\t\t<div class=\"elementor-element elementor-element-aefca64 elementor-widget elementor-widget-google_maps\" data-id=\"aefca64\" data-element_type=\"widget\" data-widget_type=\"google_maps.default\">\n\t\t\t\t<div class=\"elementor-widget-container\">\n\t\t\t\t\t\t\t<div class=\"elementor-custom-embed\">\n\t\t\t<iframe loading=\"lazy\"\n\t\t\t\t\tsrc=\"https:\/\/maps.google.com\/maps?q=Bajo%2C%20Pl.%20Toledo%2C%20s%2Fn%2C%2030009%20Murcia&#038;t=m&#038;z=10&#038;output=embed&#038;iwloc=near\"\n\t\t\t\t\ttitle=\"Bajo, Pl. Toledo, s\/n, 30009 Murcia\"\n\t\t\t\t\taria-label=\"Bajo, Pl. Toledo, s\/n, 30009 Murcia\"\n\t\t\t><\/iframe>\n\t\t<\/div>\n\t\t\t\t\t\t<\/div>\n\t\t\t\t<\/div>\n\t\t\t\t\t<\/div>\n\t\t<\/div>\n\t\t\t\t\t<\/div>\n\t\t<\/section>\n\t\t\t\t<div class=\"elementor-element elementor-element-7279a2e elementor-widget elementor-widget-text-editor\" data-id=\"7279a2e\" data-element_type=\"widget\" data-widget_type=\"text-editor.default\">\n\t\t\t\t<div class=\"elementor-widget-container\">\n\t\t\t\t\t\t\t\t\t<p><strong><span style=\"color:red\">Es obligado y necesario que rellenes la\npesta\u00f1a de \u00abINSCRIPCI\u00d3N\u00bb de la web y adjuntes los documentos\nsolicitados :<\/span><\/strong><o:p><\/o:p><\/p><p><strong><span style=\"color:red\">&#8211; Si eres mayor de edad DNI<\/span><\/strong><o:p><\/o:p><\/p><p><strong><span style=\"color:red\">&#8211; Si en tu DNI el domicilio&nbsp; no corresponde al municipio de Murcia,\nnecesitar\u00e1s adjuntar alg\u00fan documento que acredite que resides, estudias o\ntrabajas en el municipio de Murcia<\/span><\/strong><o:p><\/o:p><\/p><p><strong><span style=\"color:red\">&#8211; Si eres menor de edad DNI&nbsp; , DNI de\nla persona que autoriza al menor de edad y el Documento de inscripci\u00f3n y\nautorizaci\u00f3n de menores de edad.<\/span><\/strong><o:p><\/o:p><\/p><p>\n\n\n\n\n\n\n\n<\/p><p><a href=\"https:\/\/salzilloseguridad-my.sharepoint.com\/:b:\/g\/personal\/redesmurcia_salzillosi_com\/EeXGihYIK8hMkk9pIuhcD8UBeFlH9J3y_fAgoAj4kAXswQ?e=8W0grH\"><b><span style=\"font-size:11.0pt\">Descargar\ndocumento de inscripci\u00f3n y autorizaci\u00f3n a menores de edad<\/span><\/b><\/a><b><o:p><\/o:p><\/b><\/p>\n<p>En esta&nbsp; actividad solo podr\u00e1n participar j\u00f3venes de 12 a 30 a\u00f1os, residentes en el municipio de Murcia.<\/p>\t\t\t\t\t\t\t\t<\/div>\n\t\t\t\t<\/div>\n\t\t\t\t\t<\/div>\n\t\t<\/div>\n\t\t\t\t\t<\/div>\n\t\t<\/section>\n\t\t\t\t<\/div>\n\t\t","protected":false},"excerpt":{"rendered":"<p>Iniciac\u00ed\u00f3n a la transformac\u00ed\u00f3n de ropa vaquera con costura creativa b\u00e1sica, pintura en tela, bordado y adorno con abalorios. Materiales b\u00e1sicos &#8211; Una prenda vaquera\u00a0 &#8211; Un costurero b\u00e1sico: : agujas, hilo , tijeras , dedal .. El resto de materiales se explicar\u00e1n en el taller el primer d\u00eda. Los materiales necesarios para el taller, [&hellip;]<\/p>\n","protected":false},"author":1,"featured_media":6298,"comment_status":"closed","ping_status":"closed","sticky":false,"template":"","format":"standard","meta":{"_eb_attr":"","footnotes":""},"categories":[1,21],"tags":[],"class_list":["post-1714","post","type-post","status-publish","format-standard","has-post-thumbnail","hentry","category-actividades","category-sabado"],"_links":{"self":[{"href":"https:\/\/www.redestiempolibremurcia.es\/index.php?rest_route=\/wp\/v2\/posts\/1714","targetHints":{"allow":["GET"]}}],"collection":[{"href":"https:\/\/www.redestiempolibremurcia.es\/index.php?rest_route=\/wp\/v2\/posts"}],"about":[{"href":"https:\/\/www.redestiempolibremurcia.es\/index.php?rest_route=\/wp\/v2\/types\/post"}],"author":[{"embeddable":true,"href":"https:\/\/www.redestiempolibremurcia.es\/index.php?rest_route=\/wp\/v2\/users\/1"}],"replies":[{"embeddable":true,"href":"https:\/\/www.redestiempolibremurcia.es\/index.php?rest_route=%2Fwp%2Fv2%2Fcomments&post=1714"}],"version-history":[{"count":73,"href":"https:\/\/www.redestiempolibremurcia.es\/index.php?rest_route=\/wp\/v2\/posts\/1714\/revisions"}],"predecessor-version":[{"id":8598,"href":"https:\/\/www.redestiempolibremurcia.es\/index.php?rest_route=\/wp\/v2\/posts\/1714\/revisions\/8598"}],"wp:featuredmedia":[{"embeddable":true,"href":"https:\/\/www.redestiempolibremurcia.es\/index.php?rest_route=\/wp\/v2\/media\/6298"}],"wp:attachment":[{"href":"https:\/\/www.redestiempolibremurcia.es\/index.php?rest_route=%2Fwp%2Fv2%2Fmedia&parent=1714"}],"wp:term":[{"taxonomy":"category","embeddable":true,"href":"https:\/\/www.redestiempolibremurcia.es\/index.php?rest_route=%2Fwp%2Fv2%2Fcategories&post=1714"},{"taxonomy":"post_tag","embeddable":true,"href":"https:\/\/www.redestiempolibremurcia.es\/index.php?rest_route=%2Fwp%2Fv2%2Ftags&post=1714"}],"curies":[{"name":"wp","href":"https:\/\/api.w.org\/{rel}","templated":true}]}}