{"id":2150,"date":"2021-06-15T15:29:19","date_gmt":"2021-06-15T15:29:19","guid":{"rendered":"http:\/\/www.redestiempolibremurcia.es\/?p=2150"},"modified":"2026-03-24T16:51:39","modified_gmt":"2026-03-24T16:51:39","slug":"senderismo-nocturno-castillo-de-la-asomada-2","status":"publish","type":"post","link":"https:\/\/www.redestiempolibremurcia.es\/?p=2150","title":{"rendered":"SENDERISMO NOCTURNO: CASTILLO DE LA ASOMADA (18 a 30 a\u00f1os)"},"content":{"rendered":"\t\t<div data-elementor-type=\"wp-post\" data-elementor-id=\"2150\" class=\"elementor elementor-2150\">\n\t\t\t\t\t\t<section class=\"elementor-section elementor-top-section elementor-element elementor-element-5b35622c elementor-section-boxed elementor-section-height-default elementor-section-height-default\" data-id=\"5b35622c\" data-element_type=\"section\">\n\t\t\t\t\t\t<div class=\"elementor-container elementor-column-gap-default\">\n\t\t\t\t\t<div class=\"elementor-column elementor-col-100 elementor-top-column elementor-element elementor-element-736905e3\" data-id=\"736905e3\" data-element_type=\"column\">\n\t\t\t<div class=\"elementor-widget-wrap elementor-element-populated\">\n\t\t\t\t\t\t<div class=\"elementor-element elementor-element-f7d51bb elementor-widget elementor-widget-image\" data-id=\"f7d51bb\" data-element_type=\"widget\" data-widget_type=\"image.default\">\n\t\t\t\t<div class=\"elementor-widget-container\">\n\t\t\t\t\t\t\t\t\t\t\t\t\t\t\t<img fetchpriority=\"high\" decoding=\"async\" width=\"800\" height=\"534\" src=\"https:\/\/www.redestiempolibremurcia.es\/wp-content\/uploads\/2021\/01\/SENDERISMO-MAMELLONES.jpg\" class=\"attachment-large size-large wp-image-1210\" alt=\"\" srcset=\"https:\/\/www.redestiempolibremurcia.es\/wp-content\/uploads\/2021\/01\/SENDERISMO-MAMELLONES.jpg 1000w, https:\/\/www.redestiempolibremurcia.es\/wp-content\/uploads\/2021\/01\/SENDERISMO-MAMELLONES-300x200.jpg 300w, https:\/\/www.redestiempolibremurcia.es\/wp-content\/uploads\/2021\/01\/SENDERISMO-MAMELLONES-768x512.jpg 768w, https:\/\/www.redestiempolibremurcia.es\/wp-content\/uploads\/2021\/01\/SENDERISMO-MAMELLONES-272x182.jpg 272w\" sizes=\"(max-width: 800px) 100vw, 800px\" \/>\t\t\t\t\t\t\t\t\t\t\t\t\t\t\t<\/div>\n\t\t\t\t<\/div>\n\t\t\t\t<div class=\"elementor-element elementor-element-e6a8410 elementor-widget elementor-widget-image\" data-id=\"e6a8410\" data-element_type=\"widget\" data-widget_type=\"image.default\">\n\t\t\t\t<div class=\"elementor-widget-container\">\n\t\t\t\t\t\t\t\t\t\t\t\t\t\t\t<img decoding=\"async\" src=\"http:\/\/www.redestiempolibremurcia.es\/wp-content\/uploads\/2021\/03\/web_castilloasomada.jpg\" title=\"\" alt=\"\" loading=\"lazy\" \/>\t\t\t\t\t\t\t\t\t\t\t\t\t\t\t<\/div>\n\t\t\t\t<\/div>\n\t\t\t\t<div class=\"elementor-element elementor-element-7720416 elementor-widget-divider--view-line elementor-widget elementor-widget-divider\" data-id=\"7720416\" data-element_type=\"widget\" data-widget_type=\"divider.default\">\n\t\t\t\t<div class=\"elementor-widget-container\">\n\t\t\t\t\t\t\t<div class=\"elementor-divider\">\n\t\t\t<span class=\"elementor-divider-separator\">\n\t\t\t\t\t\t<\/span>\n\t\t<\/div>\n\t\t\t\t\t\t<\/div>\n\t\t\t\t<\/div>\n\t\t\t\t<section class=\"elementor-section elementor-inner-section elementor-element elementor-element-6c9f8e7 elementor-section-boxed elementor-section-height-default elementor-section-height-default\" data-id=\"6c9f8e7\" data-element_type=\"section\">\n\t\t\t\t\t\t<div class=\"elementor-container elementor-column-gap-default\">\n\t\t\t\t\t<div class=\"elementor-column elementor-col-50 elementor-inner-column elementor-element elementor-element-5175009\" data-id=\"5175009\" data-element_type=\"column\">\n\t\t\t<div class=\"elementor-widget-wrap elementor-element-populated\">\n\t\t\t\t\t\t<div class=\"elementor-element elementor-element-4a9de3c elementor-widget elementor-widget-text-editor\" data-id=\"4a9de3c\" data-element_type=\"widget\" data-widget_type=\"text-editor.default\">\n\t\t\t\t<div class=\"elementor-widget-container\">\n\t\t\t\t\t\t\t\t\t<p><strong>Fechas<\/strong><\/p><ul><li><p>\u00a0Viernes 5 de junio<\/p><\/li><\/ul><p><strong>Horario<\/strong><\/p><ul><li>18:30 &#8211; 23:00<\/li><\/ul><p><span style=\"color: #ff0000;\"><strong>\u201cRedes\u201d organiza la actividad. La persona admitida debe trasladarse al lugar donde se realiza la actividad<\/strong><\/span><\/p>\t\t\t\t\t\t\t\t<\/div>\n\t\t\t\t<\/div>\n\t\t\t\t\t<\/div>\n\t\t<\/div>\n\t\t\t\t<div class=\"elementor-column elementor-col-50 elementor-inner-column elementor-element elementor-element-fb170f8\" data-id=\"fb170f8\" data-element_type=\"column\">\n\t\t\t<div class=\"elementor-widget-wrap elementor-element-populated\">\n\t\t\t\t\t\t<div class=\"elementor-element elementor-element-69567144 elementor-widget elementor-widget-text-editor\" data-id=\"69567144\" data-element_type=\"widget\" data-widget_type=\"text-editor.default\">\n\t\t\t\t<div class=\"elementor-widget-container\">\n\t\t\t\t\t\t\t\t\t<p class=\"zfr3Q CDt4Ke \" dir=\"ltr\"><span class=\"C9DxTc \">La primera parte de la ruta discurrir\u00e1 por senderos de dificultad baja. Visitaremos las pozas de la Rambla del Puerto, donde habitan numerosos anfibios, y descubriremos una antigua calzada romana, donde observaremos las marcas de las ruedas de carros antiguos.\u00a0<\/span><span class=\"C9DxTc \">Bajo el manto estrellado, recorreremos la senda hasta el majestuoso Castillo de la Asomada, un lugar hist\u00f3rico, rodeado de misterio y curiosidades, que se alza como guardi\u00e1n silencioso de incontables relatos y leyendas.<\/span><\/p><p class=\"zfr3Q CDt4Ke \" dir=\"ltr\"><span class=\"C9DxTc \">De este modo, en la magia de la noche, la subida al Castillo de la Asomada se convierte en una experiencia inolvidable, donde la historia y la naturaleza se entrelazan.\u00a0<\/span><\/p>\t\t\t\t\t\t\t\t<\/div>\n\t\t\t\t<\/div>\n\t\t\t\t<div class=\"elementor-element elementor-element-1372219 elementor-widget elementor-widget-text-editor\" data-id=\"1372219\" data-element_type=\"widget\" data-widget_type=\"text-editor.default\">\n\t\t\t\t<div class=\"elementor-widget-container\">\n\t\t\t\t\t\t\t\t\t<p><strong>Lugar<\/strong><\/p><p>Puerto de La Cadena<\/p><p>\u00a0<\/p>\t\t\t\t\t\t\t\t<\/div>\n\t\t\t\t<\/div>\n\t\t\t\t<div class=\"elementor-element elementor-element-aefca64 elementor-widget elementor-widget-google_maps\" data-id=\"aefca64\" data-element_type=\"widget\" data-widget_type=\"google_maps.default\">\n\t\t\t\t<div class=\"elementor-widget-container\">\n\t\t\t\t\t\t\t<div class=\"elementor-custom-embed\">\n\t\t\t<iframe loading=\"lazy\"\n\t\t\t\t\tsrc=\"https:\/\/maps.google.com\/maps?q=puerto%20de%20la%20cadena&#038;t=m&#038;z=13&#038;output=embed&#038;iwloc=near\"\n\t\t\t\t\ttitle=\"puerto de la cadena\"\n\t\t\t\t\taria-label=\"puerto de la cadena\"\n\t\t\t><\/iframe>\n\t\t<\/div>\n\t\t\t\t\t\t<\/div>\n\t\t\t\t<\/div>\n\t\t\t\t\t<\/div>\n\t\t<\/div>\n\t\t\t\t\t<\/div>\n\t\t<\/section>\n\t\t\t\t<div class=\"elementor-element elementor-element-7279a2e elementor-widget elementor-widget-text-editor\" data-id=\"7279a2e\" data-element_type=\"widget\" data-widget_type=\"text-editor.default\">\n\t\t\t\t<div class=\"elementor-widget-container\">\n\t\t\t\t\t\t\t\t\t<p><span style=\"color: #ff0000;\"><strong>Es obligado y necesario que rellenes la<br \/>pesta\u00f1a de \u00abINSCRIPCI\u00d3N\u00bb de la web y adjuntes los documentos<br \/>solicitados :<\/strong><\/span><\/p><p><span style=\"color: #ff0000;\"><strong>&#8211; Si eres mayor de edad DNI<\/strong><\/span><\/p><p><span style=\"color: #ff0000;\"><strong>&#8211; Si en tu DNI el domicilio\u00a0 no corresponde al municipio de Murcia,<br \/>necesitar\u00e1s adjuntar alg\u00fan documento que acredite que resides, estudias o<br \/>trabajas en el municipio de Murcia<\/strong><\/span><\/p><p>En esta actividad solo podr\u00e1n participar j\u00f3venes de 18 a 30 a\u00f1os, residentes en el municipio de Murcia.<\/p>\t\t\t\t\t\t\t\t<\/div>\n\t\t\t\t<\/div>\n\t\t\t\t\t<\/div>\n\t\t<\/div>\n\t\t\t\t\t<\/div>\n\t\t<\/section>\n\t\t\t\t<\/div>\n\t\t","protected":false},"excerpt":{"rendered":"<p>Fechas \u00a0Viernes 5 de junio Horario 18:30 &#8211; 23:00 \u201cRedes\u201d organiza la actividad. La persona admitida debe trasladarse al lugar donde se realiza la actividad La primera parte de la ruta discurrir\u00e1 por senderos de dificultad baja. Visitaremos las pozas de la Rambla del Puerto, donde habitan numerosos anfibios, y descubriremos una antigua calzada romana, [&hellip;]<\/p>\n","protected":false},"author":1,"featured_media":8026,"comment_status":"closed","ping_status":"closed","sticky":false,"template":"","format":"standard","meta":{"_eb_attr":"","footnotes":""},"categories":[1,20],"tags":[],"class_list":["post-2150","post","type-post","status-publish","format-standard","has-post-thumbnail","hentry","category-actividades","category-viernes"],"_links":{"self":[{"href":"https:\/\/www.redestiempolibremurcia.es\/index.php?rest_route=\/wp\/v2\/posts\/2150","targetHints":{"allow":["GET"]}}],"collection":[{"href":"https:\/\/www.redestiempolibremurcia.es\/index.php?rest_route=\/wp\/v2\/posts"}],"about":[{"href":"https:\/\/www.redestiempolibremurcia.es\/index.php?rest_route=\/wp\/v2\/types\/post"}],"author":[{"embeddable":true,"href":"https:\/\/www.redestiempolibremurcia.es\/index.php?rest_route=\/wp\/v2\/users\/1"}],"replies":[{"embeddable":true,"href":"https:\/\/www.redestiempolibremurcia.es\/index.php?rest_route=%2Fwp%2Fv2%2Fcomments&post=2150"}],"version-history":[{"count":40,"href":"https:\/\/www.redestiempolibremurcia.es\/index.php?rest_route=\/wp\/v2\/posts\/2150\/revisions"}],"predecessor-version":[{"id":8706,"href":"https:\/\/www.redestiempolibremurcia.es\/index.php?rest_route=\/wp\/v2\/posts\/2150\/revisions\/8706"}],"wp:featuredmedia":[{"embeddable":true,"href":"https:\/\/www.redestiempolibremurcia.es\/index.php?rest_route=\/wp\/v2\/media\/8026"}],"wp:attachment":[{"href":"https:\/\/www.redestiempolibremurcia.es\/index.php?rest_route=%2Fwp%2Fv2%2Fmedia&parent=2150"}],"wp:term":[{"taxonomy":"category","embeddable":true,"href":"https:\/\/www.redestiempolibremurcia.es\/index.php?rest_route=%2Fwp%2Fv2%2Fcategories&post=2150"},{"taxonomy":"post_tag","embeddable":true,"href":"https:\/\/www.redestiempolibremurcia.es\/index.php?rest_route=%2Fwp%2Fv2%2Ftags&post=2150"}],"curies":[{"name":"wp","href":"https:\/\/api.w.org\/{rel}","templated":true}]}}