{"id":2539,"date":"2021-09-20T16:46:40","date_gmt":"2021-09-20T16:46:40","guid":{"rendered":"http:\/\/www.redestiempolibremurcia.es\/?p=2539"},"modified":"2026-03-25T16:21:05","modified_gmt":"2026-03-25T16:21:05","slug":"bachata","status":"publish","type":"post","link":"https:\/\/www.redestiempolibremurcia.es\/?p=2539","title":{"rendered":"BACHATA (18 &#8211; 30 A\u00d1OS)"},"content":{"rendered":"\t\t<div data-elementor-type=\"wp-post\" data-elementor-id=\"2539\" class=\"elementor elementor-2539\">\n\t\t\t\t\t\t<section class=\"elementor-section elementor-top-section elementor-element elementor-element-5b35622c elementor-section-boxed elementor-section-height-default elementor-section-height-default\" data-id=\"5b35622c\" data-element_type=\"section\">\n\t\t\t\t\t\t<div class=\"elementor-container elementor-column-gap-default\">\n\t\t\t\t\t<div class=\"elementor-column elementor-col-100 elementor-top-column elementor-element elementor-element-736905e3\" data-id=\"736905e3\" data-element_type=\"column\">\n\t\t\t<div class=\"elementor-widget-wrap elementor-element-populated\">\n\t\t\t\t\t\t<div class=\"elementor-element elementor-element-e6a8410 elementor-widget elementor-widget-image\" data-id=\"e6a8410\" data-element_type=\"widget\" data-widget_type=\"image.default\">\n\t\t\t\t<div class=\"elementor-widget-container\">\n\t\t\t\t\t\t\t\t\t\t\t\t\t\t\t<img fetchpriority=\"high\" decoding=\"async\" width=\"639\" height=\"567\" src=\"https:\/\/www.redestiempolibremurcia.es\/wp-content\/uploads\/2021\/01\/ritmos-latinos.jpg\" class=\"attachment-large size-large wp-image-1346\" alt=\"\" srcset=\"https:\/\/www.redestiempolibremurcia.es\/wp-content\/uploads\/2021\/01\/ritmos-latinos.jpg 639w, https:\/\/www.redestiempolibremurcia.es\/wp-content\/uploads\/2021\/01\/ritmos-latinos-300x266.jpg 300w\" sizes=\"(max-width: 639px) 100vw, 639px\" \/>\t\t\t\t\t\t\t\t\t\t\t\t\t\t\t<\/div>\n\t\t\t\t<\/div>\n\t\t\t\t<div class=\"elementor-element elementor-element-69567144 elementor-widget elementor-widget-text-editor\" data-id=\"69567144\" data-element_type=\"widget\" data-widget_type=\"text-editor.default\">\n\t\t\t\t<div class=\"elementor-widget-container\">\n\t\t\t\t\t\t\t\t\t<p data-start=\"102\" data-end=\"402\">\u00bfTe apasiona la m\u00fasica latina y quieres aprender a bailar con estilo y confianza? &nbsp;Nuestro <strong data-start=\"239\" data-end=\"273\">taller de bachata para j\u00f3venes<\/strong> es el espacio perfecto para divertirte, hacer nuevos amigos y dejarte llevar por el ritmo caribe\u00f1o m\u00e1s rom\u00e1ntico y contagioso.<\/p>\n<p data-start=\"404\" data-end=\"605\">No importa si nunca has bailado antes o si ya conoces algunos pasos, aqu\u00ed aprender\u00e1s desde lo b\u00e1sico hasta movimientos m\u00e1s creativos, siempre en un ambiente din\u00e1mico, juvenil y lleno de energ\u00eda.&nbsp;<\/p>\n<p data-start=\"607\" data-end=\"696\">\u00a1An\u00edmate a vivir esta experiencia \u00fanica y d\u00e9jate conquistar por el ritmo de la bachata<\/p>\t\t\t\t\t\t\t\t<\/div>\n\t\t\t\t<\/div>\n\t\t\t\t<div class=\"elementor-element elementor-element-7720416 elementor-widget-divider--view-line elementor-widget elementor-widget-divider\" data-id=\"7720416\" data-element_type=\"widget\" data-widget_type=\"divider.default\">\n\t\t\t\t<div class=\"elementor-widget-container\">\n\t\t\t\t\t\t\t<div class=\"elementor-divider\">\n\t\t\t<span class=\"elementor-divider-separator\">\n\t\t\t\t\t\t<\/span>\n\t\t<\/div>\n\t\t\t\t\t\t<\/div>\n\t\t\t\t<\/div>\n\t\t\t\t<section class=\"elementor-section elementor-inner-section elementor-element elementor-element-6c9f8e7 elementor-section-boxed elementor-section-height-default elementor-section-height-default\" data-id=\"6c9f8e7\" data-element_type=\"section\">\n\t\t\t\t\t\t<div class=\"elementor-container elementor-column-gap-default\">\n\t\t\t\t\t<div class=\"elementor-column elementor-col-50 elementor-inner-column elementor-element elementor-element-5175009\" data-id=\"5175009\" data-element_type=\"column\">\n\t\t\t<div class=\"elementor-widget-wrap elementor-element-populated\">\n\t\t\t\t\t\t<div class=\"elementor-element elementor-element-4a9de3c elementor-widget elementor-widget-text-editor\" data-id=\"4a9de3c\" data-element_type=\"widget\" data-widget_type=\"text-editor.default\">\n\t\t\t\t<div class=\"elementor-widget-container\">\n\t\t\t\t\t\t\t\t\t<p><strong>Horario<\/strong><\/p><ul><li><p>Jueves 16\/23\/30 abril, 7\/14\/21\/28 mayo<\/p><\/li><li>Horario: 16:00-17:00<\/li><\/ul>\t\t\t\t\t\t\t\t<\/div>\n\t\t\t\t<\/div>\n\t\t\t\t\t<\/div>\n\t\t<\/div>\n\t\t\t\t<div class=\"elementor-column elementor-col-50 elementor-inner-column elementor-element elementor-element-fb170f8\" data-id=\"fb170f8\" data-element_type=\"column\">\n\t\t\t<div class=\"elementor-widget-wrap elementor-element-populated\">\n\t\t\t\t\t\t<div class=\"elementor-element elementor-element-1372219 elementor-widget elementor-widget-text-editor\" data-id=\"1372219\" data-element_type=\"widget\" data-widget_type=\"text-editor.default\">\n\t\t\t\t<div class=\"elementor-widget-container\">\n\t\t\t\t\t\t\t\t\t<p><strong>Lugar<\/strong><\/p><p>Centro Social Universitario<\/p><div><div class=\"wDYxhc\" lang=\"es-ES\" data-attrid=\"kc:\/local:located in\" data-md=\"142\" data-hveid=\"CC0QAA\" data-ved=\"2ahUKEwiMhoHLgY7zAhWS2BQKHahZDyoQ7216BAgtEAA\"><div class=\"zloOqf pNrDqb\">Universidad de Murcia<\/div><\/div><\/div><div class=\"owjCYb\">\u00a0<\/div><div class=\"QsDR1c\"><div class=\"wDYxhc\" lang=\"es-ES\" data-attrid=\"kc:\/location\/location:address\" data-md=\"1002\" data-hveid=\"CCkQAA\" data-ved=\"2ahUKEwiMhoHLgY7zAhWS2BQKHahZDyoQkCl6BAgpEAA\"><div class=\"Z1hOCe\"><div class=\"zloOqf PZPZlf\" data-dtype=\"d3ifr\" data-local-attribute=\"d3adr\" data-ved=\"2ahUKEwiMhoHLgY7zAhWS2BQKHahZDyoQghwoAHoECCkQAQ\"><span class=\"GRkHZd w8qArf\">Direcci\u00f3n:\u00a0<\/span><span class=\"LrzXr\">C. Ana Mar\u00eda Matute, 2, 30100 Murcia<\/span><\/div><\/div><\/div><\/div>\t\t\t\t\t\t\t\t<\/div>\n\t\t\t\t<\/div>\n\t\t\t\t<div class=\"elementor-element elementor-element-aefca64 elementor-widget elementor-widget-google_maps\" data-id=\"aefca64\" data-element_type=\"widget\" data-widget_type=\"google_maps.default\">\n\t\t\t\t<div class=\"elementor-widget-container\">\n\t\t\t\t\t\t\t<div class=\"elementor-custom-embed\">\n\t\t\t<iframe loading=\"lazy\"\n\t\t\t\t\tsrc=\"https:\/\/maps.google.com\/maps?q=centro%20social%20universitario%20murcia&#038;t=m&#038;z=14&#038;output=embed&#038;iwloc=near\"\n\t\t\t\t\ttitle=\"centro social universitario murcia\"\n\t\t\t\t\taria-label=\"centro social universitario murcia\"\n\t\t\t><\/iframe>\n\t\t<\/div>\n\t\t\t\t\t\t<\/div>\n\t\t\t\t<\/div>\n\t\t\t\t\t<\/div>\n\t\t<\/div>\n\t\t\t\t\t<\/div>\n\t\t<\/section>\n\t\t\t\t<div class=\"elementor-element elementor-element-7279a2e elementor-widget elementor-widget-text-editor\" data-id=\"7279a2e\" data-element_type=\"widget\" data-widget_type=\"text-editor.default\">\n\t\t\t\t<div class=\"elementor-widget-container\">\n\t\t\t\t\t\t\t\t\t<p><span style=\"color: #ff0000;\"><strong>Es obligado y necesario que rellenes la pesta\u00f1a de \u00abINSCRIPCI\u00d3N\u00bb de la web y adjuntes los documentos solicitados :<\/strong><\/span><\/p><p><span style=\"color: #ff0000;\"><strong>&#8211; Si eres mayor de edad DNI<\/strong><\/span><\/p><p><span style=\"color: #ff0000;\"><strong>&#8211; Si en tu DNI, pone un domicilio que no corresponda al municipio de Murcia, necesitar\u00e1s adjuntar alg\u00fan documento que acredite que resides, estudias o trabajas en el municipio de Murcia<\/strong><\/span><\/p><p>En esta actividad solo podr\u00e1n participar j\u00f3venes de 18 a 30 a\u00f1os, residentes en el municipio de Murcia.<\/p><p><span style=\"color: #ff0000;\"><strong>\u00a0<\/strong><\/span><\/p>\t\t\t\t\t\t\t\t<\/div>\n\t\t\t\t<\/div>\n\t\t\t\t\t<\/div>\n\t\t<\/div>\n\t\t\t\t\t<\/div>\n\t\t<\/section>\n\t\t\t\t<\/div>\n\t\t","protected":false},"excerpt":{"rendered":"<p>\u00bfTe apasiona la m\u00fasica latina y quieres aprender a bailar con estilo y confianza? &nbsp;Nuestro taller de bachata para j\u00f3venes es el espacio perfecto para divertirte, hacer nuevos amigos y dejarte llevar por el ritmo caribe\u00f1o m\u00e1s rom\u00e1ntico y contagioso. No importa si nunca has bailado antes o si ya conoces algunos pasos, aqu\u00ed aprender\u00e1s [&hellip;]<\/p>\n","protected":false},"author":1,"featured_media":1346,"comment_status":"closed","ping_status":"closed","sticky":false,"template":"","format":"standard","meta":{"_eb_attr":"","footnotes":""},"categories":[1,19],"tags":[],"class_list":["post-2539","post","type-post","status-publish","format-standard","has-post-thumbnail","hentry","category-actividades","category-jueves"],"_links":{"self":[{"href":"https:\/\/www.redestiempolibremurcia.es\/index.php?rest_route=\/wp\/v2\/posts\/2539","targetHints":{"allow":["GET"]}}],"collection":[{"href":"https:\/\/www.redestiempolibremurcia.es\/index.php?rest_route=\/wp\/v2\/posts"}],"about":[{"href":"https:\/\/www.redestiempolibremurcia.es\/index.php?rest_route=\/wp\/v2\/types\/post"}],"author":[{"embeddable":true,"href":"https:\/\/www.redestiempolibremurcia.es\/index.php?rest_route=\/wp\/v2\/users\/1"}],"replies":[{"embeddable":true,"href":"https:\/\/www.redestiempolibremurcia.es\/index.php?rest_route=%2Fwp%2Fv2%2Fcomments&post=2539"}],"version-history":[{"count":83,"href":"https:\/\/www.redestiempolibremurcia.es\/index.php?rest_route=\/wp\/v2\/posts\/2539\/revisions"}],"predecessor-version":[{"id":8766,"href":"https:\/\/www.redestiempolibremurcia.es\/index.php?rest_route=\/wp\/v2\/posts\/2539\/revisions\/8766"}],"wp:featuredmedia":[{"embeddable":true,"href":"https:\/\/www.redestiempolibremurcia.es\/index.php?rest_route=\/wp\/v2\/media\/1346"}],"wp:attachment":[{"href":"https:\/\/www.redestiempolibremurcia.es\/index.php?rest_route=%2Fwp%2Fv2%2Fmedia&parent=2539"}],"wp:term":[{"taxonomy":"category","embeddable":true,"href":"https:\/\/www.redestiempolibremurcia.es\/index.php?rest_route=%2Fwp%2Fv2%2Fcategories&post=2539"},{"taxonomy":"post_tag","embeddable":true,"href":"https:\/\/www.redestiempolibremurcia.es\/index.php?rest_route=%2Fwp%2Fv2%2Ftags&post=2539"}],"curies":[{"name":"wp","href":"https:\/\/api.w.org\/{rel}","templated":true}]}}