{"id":5050,"date":"2023-04-12T10:21:02","date_gmt":"2023-04-12T10:21:02","guid":{"rendered":"http:\/\/www.redestiempolibremurcia.es\/?p=5050"},"modified":"2026-03-23T17:49:41","modified_gmt":"2026-03-23T17:49:41","slug":"escalada-en-rocodromo-12-30-anos-20-mayo","status":"publish","type":"post","link":"https:\/\/www.redestiempolibremurcia.es\/?p=5050","title":{"rendered":"ESCALADA EN ROC\u00d3DROMO (12-15 A\u00d1OS)  22 mayo"},"content":{"rendered":"\t\t<div data-elementor-type=\"wp-post\" data-elementor-id=\"5050\" class=\"elementor elementor-5050\">\n\t\t\t\t\t\t<section class=\"elementor-section elementor-top-section elementor-element elementor-element-5b35622c elementor-section-boxed elementor-section-height-default elementor-section-height-default\" data-id=\"5b35622c\" data-element_type=\"section\">\n\t\t\t\t\t\t<div class=\"elementor-container elementor-column-gap-default\">\n\t\t\t\t\t<div class=\"elementor-column elementor-col-100 elementor-top-column elementor-element elementor-element-736905e3\" data-id=\"736905e3\" data-element_type=\"column\">\n\t\t\t<div class=\"elementor-widget-wrap elementor-element-populated\">\n\t\t\t\t\t\t<div class=\"elementor-element elementor-element-e6a8410 elementor-widget elementor-widget-image\" data-id=\"e6a8410\" data-element_type=\"widget\" data-widget_type=\"image.default\">\n\t\t\t\t<div class=\"elementor-widget-container\">\n\t\t\t\t\t\t\t\t\t\t\t\t\t\t\t<img fetchpriority=\"high\" decoding=\"async\" width=\"800\" height=\"483\" src=\"https:\/\/www.redestiempolibremurcia.es\/wp-content\/uploads\/2023\/04\/moma-1024x618.jpg\" class=\"attachment-large size-large wp-image-8385\" alt=\"\" srcset=\"https:\/\/www.redestiempolibremurcia.es\/wp-content\/uploads\/2023\/04\/moma-1024x618.jpg 1024w, https:\/\/www.redestiempolibremurcia.es\/wp-content\/uploads\/2023\/04\/moma-300x181.jpg 300w, https:\/\/www.redestiempolibremurcia.es\/wp-content\/uploads\/2023\/04\/moma-768x464.jpg 768w, https:\/\/www.redestiempolibremurcia.es\/wp-content\/uploads\/2023\/04\/moma.jpg 1183w\" sizes=\"(max-width: 800px) 100vw, 800px\" \/>\t\t\t\t\t\t\t\t\t\t\t\t\t\t\t<\/div>\n\t\t\t\t<\/div>\n\t\t\t\t<div class=\"elementor-element elementor-element-69567144 elementor-widget elementor-widget-text-editor\" data-id=\"69567144\" data-element_type=\"widget\" data-widget_type=\"text-editor.default\">\n\t\t\t\t<div class=\"elementor-widget-container\">\n\t\t\t\t\t\t\t\t\t<p>In\u00edciate en este deporte, o simplemente realiza actividad f\u00edsica\u00a0 en un entorno seguro y controlado. Esta actividad no solo requiere de fuerza y resistencia, sino que tambi\u00e9n necesita de concentraci\u00f3n y estrategia para practicarla. La actividad dispone de monitores titulados.<\/p>\t\t\t\t\t\t\t\t<\/div>\n\t\t\t\t<\/div>\n\t\t\t\t<div class=\"elementor-element elementor-element-7720416 elementor-widget-divider--view-line elementor-widget elementor-widget-divider\" data-id=\"7720416\" data-element_type=\"widget\" data-widget_type=\"divider.default\">\n\t\t\t\t<div class=\"elementor-widget-container\">\n\t\t\t\t\t\t\t<div class=\"elementor-divider\">\n\t\t\t<span class=\"elementor-divider-separator\">\n\t\t\t\t\t\t<\/span>\n\t\t<\/div>\n\t\t\t\t\t\t<\/div>\n\t\t\t\t<\/div>\n\t\t\t\t<section class=\"elementor-section elementor-inner-section elementor-element elementor-element-6c9f8e7 elementor-section-boxed elementor-section-height-default elementor-section-height-default\" data-id=\"6c9f8e7\" data-element_type=\"section\">\n\t\t\t\t\t\t<div class=\"elementor-container elementor-column-gap-default\">\n\t\t\t\t\t<div class=\"elementor-column elementor-col-50 elementor-inner-column elementor-element elementor-element-5175009\" data-id=\"5175009\" data-element_type=\"column\">\n\t\t\t<div class=\"elementor-widget-wrap elementor-element-populated\">\n\t\t\t\t\t\t<div class=\"elementor-element elementor-element-4a9de3c elementor-widget elementor-widget-text-editor\" data-id=\"4a9de3c\" data-element_type=\"widget\" data-widget_type=\"text-editor.default\">\n\t\t\t\t<div class=\"elementor-widget-container\">\n\t\t\t\t\t\t\t\t\t<p><strong>Fechas<\/strong><\/p><ul><li><p><span style=\"font-size: 14.4px; color: var( --e-global-color-text ); font-family: var( --e-global-typography-text-font-family ), Sans-serif; user-select: text; -webkit-user-drag: none; -webkit-tap-highlight-color: transparent;\" data-ccp-charstyle=\"eop\" data-ccp-charstyle-defn=\"{\">Viernes 22 de mayo<\/span><\/p><\/li><\/ul><ul><li>19:30 &#8211; 21:00<\/li><\/ul>\t\t\t\t\t\t\t\t<\/div>\n\t\t\t\t<\/div>\n\t\t\t\t\t<\/div>\n\t\t<\/div>\n\t\t\t\t<div class=\"elementor-column elementor-col-50 elementor-inner-column elementor-element elementor-element-fb170f8\" data-id=\"fb170f8\" data-element_type=\"column\">\n\t\t\t<div class=\"elementor-widget-wrap elementor-element-populated\">\n\t\t\t\t\t\t<div class=\"elementor-element elementor-element-1372219 elementor-widget elementor-widget-text-editor\" data-id=\"1372219\" data-element_type=\"widget\" data-widget_type=\"text-editor.default\">\n\t\t\t\t<div class=\"elementor-widget-container\">\n\t\t\t\t\t\t\t\t\t<p><strong>Lugar<\/strong><\/p><p>Moma Climbing<\/p><p>C. Don Quijote, 0, 30009 Murcia<\/p><p>\u00a0<\/p>\t\t\t\t\t\t\t\t<\/div>\n\t\t\t\t<\/div>\n\t\t\t\t<div class=\"elementor-element elementor-element-aefca64 elementor-widget elementor-widget-google_maps\" data-id=\"aefca64\" data-element_type=\"widget\" data-widget_type=\"google_maps.default\">\n\t\t\t\t<div class=\"elementor-widget-container\">\n\t\t\t\t\t\t\t<div class=\"elementor-custom-embed\">\n\t\t\t<iframe loading=\"lazy\"\n\t\t\t\t\tsrc=\"https:\/\/maps.google.com\/maps?q=Moma%20climbing&#038;t=m&#038;z=10&#038;output=embed&#038;iwloc=near\"\n\t\t\t\t\ttitle=\"Moma climbing\"\n\t\t\t\t\taria-label=\"Moma climbing\"\n\t\t\t><\/iframe>\n\t\t<\/div>\n\t\t\t\t\t\t<\/div>\n\t\t\t\t<\/div>\n\t\t\t\t\t<\/div>\n\t\t<\/div>\n\t\t\t\t\t<\/div>\n\t\t<\/section>\n\t\t\t\t<div class=\"elementor-element elementor-element-7279a2e elementor-widget elementor-widget-text-editor\" data-id=\"7279a2e\" data-element_type=\"widget\" data-widget_type=\"text-editor.default\">\n\t\t\t\t<div class=\"elementor-widget-container\">\n\t\t\t\t\t\t\t\t\t<p><strong><span style=\"color: red;\">Es obligado y necesario que rellenes la<br>pesta\u00f1a de \u00abINSCRIPCI\u00d3N\u00bb de la web y adjuntes los documentos<br>solicitados :<\/span><\/strong><\/p>\n<p><strong><span style=\"color: red;\">&#8211; Si eres menor de edad DNI&nbsp; , DNI de<br>la persona que autoriza al menor de edad y el Documento de inscripci\u00f3n y<br>autorizaci\u00f3n de menores de edad.<\/span><\/strong><\/p>\n<p><strong style=\"font-size: 14.4px;\"><span style=\"font-size: 14.4px; color: red;\">&#8211; Si en tu DNI el domicilio&nbsp; no corresponde al municipio de Murcia,<br>necesitar\u00e1s adjuntar alg\u00fan documento que acredite que resides, estudias o<br>trabajas en el municipio de Murcia<\/span><\/strong><\/p>\n<p><a href=\"https:\/\/salzilloseguridad-my.sharepoint.com\/:b:\/g\/personal\/redesmurcia_salzillosi_com\/EeXGihYIK8hMkk9pIuhcD8UBeFlH9J3y_fAgoAj4kAXswQ?e=8W0grH\"><b><span style=\"font-size: 11.0pt;\">Descargar<br>documento de inscripci\u00f3n y autorizaci\u00f3n a menores de edad<\/span><\/b><\/a><b><\/b><\/p>\n<p>&nbsp; En las actividades s\u00f3lo podr\u00e1n participar j\u00f3venes de 12 a 15 a\u00f1os residentes en el municipio de Murcia.&nbsp;<\/p>\t\t\t\t\t\t\t\t<\/div>\n\t\t\t\t<\/div>\n\t\t\t\t\t<\/div>\n\t\t<\/div>\n\t\t\t\t\t<\/div>\n\t\t<\/section>\n\t\t\t\t<\/div>\n\t\t","protected":false},"excerpt":{"rendered":"<p>In\u00edciate en este deporte, o simplemente realiza actividad f\u00edsica\u00a0 en un entorno seguro y controlado. Esta actividad no solo requiere de fuerza y resistencia, sino que tambi\u00e9n necesita de concentraci\u00f3n y estrategia para practicarla. La actividad dispone de monitores titulados. Fechas Viernes 22 de mayo 19:30 &#8211; 21:00 Lugar Moma Climbing C. Don Quijote, 0, [&hellip;]<\/p>\n","protected":false},"author":1,"featured_media":8385,"comment_status":"closed","ping_status":"closed","sticky":false,"template":"","format":"standard","meta":{"_eb_attr":"","footnotes":""},"categories":[1,21],"tags":[],"class_list":["post-5050","post","type-post","status-publish","format-standard","has-post-thumbnail","hentry","category-actividades","category-sabado"],"_links":{"self":[{"href":"https:\/\/www.redestiempolibremurcia.es\/index.php?rest_route=\/wp\/v2\/posts\/5050","targetHints":{"allow":["GET"]}}],"collection":[{"href":"https:\/\/www.redestiempolibremurcia.es\/index.php?rest_route=\/wp\/v2\/posts"}],"about":[{"href":"https:\/\/www.redestiempolibremurcia.es\/index.php?rest_route=\/wp\/v2\/types\/post"}],"author":[{"embeddable":true,"href":"https:\/\/www.redestiempolibremurcia.es\/index.php?rest_route=\/wp\/v2\/users\/1"}],"replies":[{"embeddable":true,"href":"https:\/\/www.redestiempolibremurcia.es\/index.php?rest_route=%2Fwp%2Fv2%2Fcomments&post=5050"}],"version-history":[{"count":45,"href":"https:\/\/www.redestiempolibremurcia.es\/index.php?rest_route=\/wp\/v2\/posts\/5050\/revisions"}],"predecessor-version":[{"id":8627,"href":"https:\/\/www.redestiempolibremurcia.es\/index.php?rest_route=\/wp\/v2\/posts\/5050\/revisions\/8627"}],"wp:featuredmedia":[{"embeddable":true,"href":"https:\/\/www.redestiempolibremurcia.es\/index.php?rest_route=\/wp\/v2\/media\/8385"}],"wp:attachment":[{"href":"https:\/\/www.redestiempolibremurcia.es\/index.php?rest_route=%2Fwp%2Fv2%2Fmedia&parent=5050"}],"wp:term":[{"taxonomy":"category","embeddable":true,"href":"https:\/\/www.redestiempolibremurcia.es\/index.php?rest_route=%2Fwp%2Fv2%2Fcategories&post=5050"},{"taxonomy":"post_tag","embeddable":true,"href":"https:\/\/www.redestiempolibremurcia.es\/index.php?rest_route=%2Fwp%2Fv2%2Ftags&post=5050"}],"curies":[{"name":"wp","href":"https:\/\/api.w.org\/{rel}","templated":true}]}}