{"id":6290,"date":"2024-04-08T14:30:02","date_gmt":"2024-04-08T14:30:02","guid":{"rendered":"http:\/\/www.redestiempolibremurcia.es\/?p=6290"},"modified":"2026-03-23T17:06:23","modified_gmt":"2026-03-23T17:06:23","slug":"k-pop-12-30-anos","status":"publish","type":"post","link":"https:\/\/www.redestiempolibremurcia.es\/?p=6290","title":{"rendered":"K-POP  (12 &#8211; 30 A\u00d1OS)"},"content":{"rendered":"\t\t<div data-elementor-type=\"wp-post\" data-elementor-id=\"6290\" class=\"elementor elementor-6290\">\n\t\t\t\t\t\t<section class=\"elementor-section elementor-top-section elementor-element elementor-element-5b35622c elementor-section-boxed elementor-section-height-default elementor-section-height-default\" data-id=\"5b35622c\" data-element_type=\"section\">\n\t\t\t\t\t\t<div class=\"elementor-container elementor-column-gap-default\">\n\t\t\t\t\t<div class=\"elementor-column elementor-col-100 elementor-top-column elementor-element elementor-element-736905e3\" data-id=\"736905e3\" data-element_type=\"column\">\n\t\t\t<div class=\"elementor-widget-wrap elementor-element-populated\">\n\t\t\t\t\t\t<div class=\"elementor-element elementor-element-e6a8410 elementor-widget elementor-widget-image\" data-id=\"e6a8410\" data-element_type=\"widget\" data-widget_type=\"image.default\">\n\t\t\t\t<div class=\"elementor-widget-container\">\n\t\t\t\t\t\t\t\t\t\t\t\t\t\t\t<img fetchpriority=\"high\" decoding=\"async\" width=\"800\" height=\"505\" src=\"https:\/\/www.redestiempolibremurcia.es\/wp-content\/uploads\/2021\/09\/kpop.jpg\" class=\"attachment-large size-large wp-image-6236\" alt=\"\" srcset=\"https:\/\/www.redestiempolibremurcia.es\/wp-content\/uploads\/2021\/09\/kpop.jpg 998w, https:\/\/www.redestiempolibremurcia.es\/wp-content\/uploads\/2021\/09\/kpop-300x189.jpg 300w, https:\/\/www.redestiempolibremurcia.es\/wp-content\/uploads\/2021\/09\/kpop-768x485.jpg 768w\" sizes=\"(max-width: 800px) 100vw, 800px\" \/>\t\t\t\t\t\t\t\t\t\t\t\t\t\t\t<\/div>\n\t\t\t\t<\/div>\n\t\t\t\t<div class=\"elementor-element elementor-element-7720416 elementor-widget-divider--view-line elementor-widget elementor-widget-divider\" data-id=\"7720416\" data-element_type=\"widget\" data-widget_type=\"divider.default\">\n\t\t\t\t<div class=\"elementor-widget-container\">\n\t\t\t\t\t\t\t<div class=\"elementor-divider\">\n\t\t\t<span class=\"elementor-divider-separator\">\n\t\t\t\t\t\t<\/span>\n\t\t<\/div>\n\t\t\t\t\t\t<\/div>\n\t\t\t\t<\/div>\n\t\t\t\t<section class=\"elementor-section elementor-inner-section elementor-element elementor-element-6c9f8e7 elementor-section-boxed elementor-section-height-default elementor-section-height-default\" data-id=\"6c9f8e7\" data-element_type=\"section\">\n\t\t\t\t\t\t<div class=\"elementor-container elementor-column-gap-default\">\n\t\t\t\t\t<div class=\"elementor-column elementor-col-50 elementor-inner-column elementor-element elementor-element-5175009\" data-id=\"5175009\" data-element_type=\"column\">\n\t\t\t<div class=\"elementor-widget-wrap elementor-element-populated\">\n\t\t\t\t\t\t<div class=\"elementor-element elementor-element-4a9de3c elementor-widget elementor-widget-text-editor\" data-id=\"4a9de3c\" data-element_type=\"widget\" data-widget_type=\"text-editor.default\">\n\t\t\t\t<div class=\"elementor-widget-container\">\n\t\t\t\t\t\t\t\t\t<p>El taller de K-pop ofrece la oportunidad a los participantes de conocer y practicar este baile que forma parte de la cultura de los pa\u00edses asi\u00e1ticos. El taller es totalmente pr\u00e1ctico, se preparan coreograf\u00edas y permite a los participantes conocer m\u00e1s de culturas diferentes a las propias y su manera de entender la m\u00fasica.<\/p><p>El Taller K-pop consiste en el aprendizaje de diversas coreograf\u00edas de este g\u00e9nero musical. Dentro de las coreograf\u00edas de los grupos de K-pop podemos encontrar diferentes g\u00e9neros desde hip-hop hasta contempor\u00e1neo, lo que har\u00e1 que el taller este lleno de variedad y diversi\u00f3n.<\/p><p><strong>Horario<\/strong><\/p><ul><li><p>S\u00e1bados 18\/25 abril, 9\/16\/22\/23\/30 mayo, 6\/13 junio<\/p><p>Horario: 10:00-11:30<\/p><p class=\"MsoNormal\" style=\"margin-bottom: 0cm;\">\u00a0<\/p><\/li><\/ul>\t\t\t\t\t\t\t\t<\/div>\n\t\t\t\t<\/div>\n\t\t\t\t\t<\/div>\n\t\t<\/div>\n\t\t\t\t<div class=\"elementor-column elementor-col-50 elementor-inner-column elementor-element elementor-element-fb170f8\" data-id=\"fb170f8\" data-element_type=\"column\">\n\t\t\t<div class=\"elementor-widget-wrap elementor-element-populated\">\n\t\t\t\t\t\t<div class=\"elementor-element elementor-element-1372219 elementor-widget elementor-widget-text-editor\" data-id=\"1372219\" data-element_type=\"widget\" data-widget_type=\"text-editor.default\">\n\t\t\t\t<div class=\"elementor-widget-container\">\n\t\t\t\t\t\t\t\t\t<p><strong>Lugar<\/strong><\/p><div class=\"wDYxhc\" data-attrid=\"kc:\/local:located in\" data-md=\"142\" data-hveid=\"CCQQAA\" data-ved=\"2ahUKEwjX2vrl97eIAxXsVvEDHVNMJagQ720oAHoECCQQAA\"><div class=\"zloOqf pNrDqb\">\u00a0<a href=\"https:\/\/www.google.com\/viewer\/place?safe=active&amp;sca_esv=b87279bb28118927&amp;rlz=1C1GCEA_enES1058ES1058&amp;output=search&amp;mid=\/g\/1ptwgzxf7&amp;sa=X&amp;ved=2ahUKEwjX2vrl97eIAxXsVvEDHVNMJagQ8G0oAHoECCQQAQ\">Pol\u00edgono Industrial Camposol<\/a><\/div><\/div><div class=\"wDYxhc\" data-attrid=\"kc:\/location\/location:address\" data-md=\"1002\" data-hveid=\"CCMQAA\" data-ved=\"2ahUKEwjX2vrl97eIAxXsVvEDHVNMJagQkCl6BAgjEAA\"><div class=\"Z1hOCe\"><div class=\"zloOqf PZPZlf\" data-dtype=\"d3ifr\" data-local-attribute=\"d3adr\" data-mid=\"\/g\/1q5brmlf7\" data-ved=\"2ahUKEwjX2vrl97eIAxXsVvEDHVNMJagQghwoAHoECCMQAQ\"><span class=\"w8qArf FoJoyf\"><a class=\"fl\" href=\"https:\/\/www.google.com\/search?safe=active&amp;sca_esv=b87279bb28118927&amp;rlz=1C1GCEA_enES1058ES1058&amp;q=centro+municipal+la+nave+direcci%C3%B3n&amp;ludocid=14449614607948393341&amp;sa=X&amp;ved=2ahUKEwjX2vrl97eIAxXsVvEDHVNMJagQ6BN6BAgjEAI\" data-ved=\"2ahUKEwjX2vrl97eIAxXsVvEDHVNMJagQ6BN6BAgjEAI\">Direcci\u00f3n<\/a>:\u00a0<\/span><div class=\"M2Cv8e hP3ybd\"><div class=\"gqkR3b hP3ybd\"><a tabindex=\"0\" href=\"https:\/\/www.google.com\/maps\/place\/\/data=!4m2!3m1!1s0xd638242dd824ba7:0xc88757edb80f2b7d?sa=X&amp;ved=1t:8290&amp;ictx=111\" data-url=\"\/maps\/place\/\/data=!4m2!3m1!1s0xd638242dd824ba7:0xc88757edb80f2b7d?sa=X&amp;ved=2ahUKEwjX2vrl97eIAxXsVvEDHVNMJagQ4kB6BAgFEAA\">C. Mayor, 55, nave 16, 30006 Murcia<\/a><\/div><\/div><\/div><\/div><\/div>\t\t\t\t\t\t\t\t<\/div>\n\t\t\t\t<\/div>\n\t\t\t\t<div class=\"elementor-element elementor-element-aefca64 elementor-widget elementor-widget-google_maps\" data-id=\"aefca64\" data-element_type=\"widget\" data-widget_type=\"google_maps.default\">\n\t\t\t\t<div class=\"elementor-widget-container\">\n\t\t\t\t\t\t\t<div class=\"elementor-custom-embed\">\n\t\t\t<iframe loading=\"lazy\"\n\t\t\t\t\tsrc=\"https:\/\/maps.google.com\/maps?q=Espacio%20joven%20la%20nave&#038;t=m&#038;z=13&#038;output=embed&#038;iwloc=near\"\n\t\t\t\t\ttitle=\"Espacio joven la nave\"\n\t\t\t\t\taria-label=\"Espacio joven la nave\"\n\t\t\t><\/iframe>\n\t\t<\/div>\n\t\t\t\t\t\t<\/div>\n\t\t\t\t<\/div>\n\t\t\t\t\t<\/div>\n\t\t<\/div>\n\t\t\t\t\t<\/div>\n\t\t<\/section>\n\t\t\t\t<div class=\"elementor-element elementor-element-7279a2e elementor-widget elementor-widget-text-editor\" data-id=\"7279a2e\" data-element_type=\"widget\" data-widget_type=\"text-editor.default\">\n\t\t\t\t<div class=\"elementor-widget-container\">\n\t\t\t\t\t\t\t\t\t<p><strong><span style=\"color: red;\">Es obligado y necesario que rellenes la pesta\u00f1a de \u00abINSCRIPCI\u00d3N\u00bb de la web y adjuntes los documentos solicitados :<\/span><\/strong><\/p><p><strong><span style=\"color: red;\">&#8211; Si eres mayor de edad DNI<\/span><\/strong><\/p><p><strong><span style=\"color: red;\">&#8211; Si en tu DNI el domicilio\u00a0 no corresponde al municipio de Murcia, necesitar\u00e1s adjuntar alg\u00fan documento que acredite que resides, estudias o trabajas en el municipio de Murcia<\/span><\/strong><\/p><p><strong><span style=\"color: red;\">&#8211; Si eres menor de edad DNI\u00a0 , DNI de la persona que autoriza al menor de edad y el Documento de inscripci\u00f3n y autorizaci\u00f3n de menores de edad.<\/span><\/strong><\/p><p><strong><span style=\"font-size: 11.0pt; color: blue; font-weight: normal; mso-bidi-font-weight: bold;\"><a href=\"https:\/\/salzilloseguridad-my.sharepoint.com\/:b:\/g\/personal\/redesmurcia_salzillosi_com\/EeXGihYIK8hMkk9pIuhcD8UBeFlH9J3y_fAgoAj4kAXswQ?e=8W0grH\"><b>Descargar documento de inscripci\u00f3n y autorizaci\u00f3n a menores de edad<\/b><\/a><\/span><\/strong><b><\/b><\/p><p>En esta actividad solo podr\u00e1n participar j\u00f3venes de 12 a 30 a\u00f1os, residentes en el municipio de Murcia.<\/p>\t\t\t\t\t\t\t\t<\/div>\n\t\t\t\t<\/div>\n\t\t\t\t\t<\/div>\n\t\t<\/div>\n\t\t\t\t\t<\/div>\n\t\t<\/section>\n\t\t\t\t<\/div>\n\t\t","protected":false},"excerpt":{"rendered":"<p>El taller de K-pop ofrece la oportunidad a los participantes de conocer y practicar este baile que forma parte de la cultura de los pa\u00edses asi\u00e1ticos. El taller es totalmente pr\u00e1ctico, se preparan coreograf\u00edas y permite a los participantes conocer m\u00e1s de culturas diferentes a las propias y su manera de entender la m\u00fasica. El [&hellip;]<\/p>\n","protected":false},"author":1,"featured_media":6236,"comment_status":"closed","ping_status":"closed","sticky":false,"template":"","format":"standard","meta":{"_eb_attr":"","footnotes":""},"categories":[1,20],"tags":[],"class_list":["post-6290","post","type-post","status-publish","format-standard","has-post-thumbnail","hentry","category-actividades","category-viernes"],"_links":{"self":[{"href":"https:\/\/www.redestiempolibremurcia.es\/index.php?rest_route=\/wp\/v2\/posts\/6290","targetHints":{"allow":["GET"]}}],"collection":[{"href":"https:\/\/www.redestiempolibremurcia.es\/index.php?rest_route=\/wp\/v2\/posts"}],"about":[{"href":"https:\/\/www.redestiempolibremurcia.es\/index.php?rest_route=\/wp\/v2\/types\/post"}],"author":[{"embeddable":true,"href":"https:\/\/www.redestiempolibremurcia.es\/index.php?rest_route=\/wp\/v2\/users\/1"}],"replies":[{"embeddable":true,"href":"https:\/\/www.redestiempolibremurcia.es\/index.php?rest_route=%2Fwp%2Fv2%2Fcomments&post=6290"}],"version-history":[{"count":60,"href":"https:\/\/www.redestiempolibremurcia.es\/index.php?rest_route=\/wp\/v2\/posts\/6290\/revisions"}],"predecessor-version":[{"id":8579,"href":"https:\/\/www.redestiempolibremurcia.es\/index.php?rest_route=\/wp\/v2\/posts\/6290\/revisions\/8579"}],"wp:featuredmedia":[{"embeddable":true,"href":"https:\/\/www.redestiempolibremurcia.es\/index.php?rest_route=\/wp\/v2\/media\/6236"}],"wp:attachment":[{"href":"https:\/\/www.redestiempolibremurcia.es\/index.php?rest_route=%2Fwp%2Fv2%2Fmedia&parent=6290"}],"wp:term":[{"taxonomy":"category","embeddable":true,"href":"https:\/\/www.redestiempolibremurcia.es\/index.php?rest_route=%2Fwp%2Fv2%2Fcategories&post=6290"},{"taxonomy":"post_tag","embeddable":true,"href":"https:\/\/www.redestiempolibremurcia.es\/index.php?rest_route=%2Fwp%2Fv2%2Ftags&post=6290"}],"curies":[{"name":"wp","href":"https:\/\/api.w.org\/{rel}","templated":true}]}}