{"id":7228,"date":"2024-10-02T15:48:25","date_gmt":"2024-10-02T15:48:25","guid":{"rendered":"https:\/\/www.redestiempolibremurcia.es\/?p=7228"},"modified":"2026-03-24T15:37:17","modified_gmt":"2026-03-24T15:37:17","slug":"via-ferrata-callosa-18-30-anos-2","status":"publish","type":"post","link":"https:\/\/www.redestiempolibremurcia.es\/?p=7228","title":{"rendered":"V\u00cdA FERRATA: CALLOSA (18-30 a\u00f1os)"},"content":{"rendered":"\t\t<div data-elementor-type=\"wp-post\" data-elementor-id=\"7228\" class=\"elementor elementor-7228\">\n\t\t\t\t\t\t<section class=\"elementor-section elementor-top-section elementor-element elementor-element-5b35622c elementor-section-boxed elementor-section-height-default elementor-section-height-default\" data-id=\"5b35622c\" data-element_type=\"section\">\n\t\t\t\t\t\t<div class=\"elementor-container elementor-column-gap-default\">\n\t\t\t\t\t<div class=\"elementor-column elementor-col-100 elementor-top-column elementor-element elementor-element-736905e3\" data-id=\"736905e3\" data-element_type=\"column\">\n\t\t\t<div class=\"elementor-widget-wrap elementor-element-populated\">\n\t\t\t\t\t\t<div class=\"elementor-element elementor-element-e6a8410 elementor-widget elementor-widget-image\" data-id=\"e6a8410\" data-element_type=\"widget\" data-widget_type=\"image.default\">\n\t\t\t\t<div class=\"elementor-widget-container\">\n\t\t\t\t\t\t\t\t\t\t\t\t\t\t\t<img fetchpriority=\"high\" decoding=\"async\" width=\"800\" height=\"600\" src=\"http:\/\/www.redestiempolibremurcia.es\/wp-content\/uploads\/2023\/01\/CALLOSA.jpg\" class=\"attachment-large size-large wp-image-4851\" alt=\"\" srcset=\"http:\/\/www.redestiempolibremurcia.es\/wp-content\/uploads\/2023\/01\/CALLOSA.jpg 1000w, http:\/\/www.redestiempolibremurcia.es\/wp-content\/uploads\/2023\/01\/CALLOSA-300x225.jpg 300w, http:\/\/www.redestiempolibremurcia.es\/wp-content\/uploads\/2023\/01\/CALLOSA-768x576.jpg 768w\" sizes=\"(max-width: 800px) 100vw, 800px\" \/>\t\t\t\t\t\t\t\t\t\t\t\t\t\t\t<\/div>\n\t\t\t\t<\/div>\n\t\t\t\t<div class=\"elementor-element elementor-element-69567144 elementor-widget elementor-widget-text-editor\" data-id=\"69567144\" data-element_type=\"widget\" data-widget_type=\"text-editor.default\">\n\t\t\t\t<div class=\"elementor-widget-container\">\n\t\t\t\t\t\t\t\t\t<p>Una via ferrata es un trayecto por monta\u00f1a, el cual puede ser ascendente, descendente, horizontal, diagonal y nos ayudaremos de elementos externos propios de este deporte, como la l\u00ednea de vida, los pelda\u00f1os, tirolinas, etc&#8230;<\/p><p>La via ferrata de callosa del segura (k3) es una de las m\u00e1s divertidas del sudeste espa\u00f1ol y en ella podremos encontrar 4 puentes colgantes muy curiosos y diferentes entre s\u00ed y unas vistas impresionantes de la vega baja del segura.\u00a0<\/p><p>Esta v\u00eda ferrata es la opci\u00f3n para dar un pasito entre la iniciaci\u00f3n y el nivel intermedio.<\/p>\t\t\t\t\t\t\t\t<\/div>\n\t\t\t\t<\/div>\n\t\t\t\t<div class=\"elementor-element elementor-element-7720416 elementor-widget-divider--view-line elementor-widget elementor-widget-divider\" data-id=\"7720416\" data-element_type=\"widget\" data-widget_type=\"divider.default\">\n\t\t\t\t<div class=\"elementor-widget-container\">\n\t\t\t\t\t\t\t<div class=\"elementor-divider\">\n\t\t\t<span class=\"elementor-divider-separator\">\n\t\t\t\t\t\t<\/span>\n\t\t<\/div>\n\t\t\t\t\t\t<\/div>\n\t\t\t\t<\/div>\n\t\t\t\t<section class=\"elementor-section elementor-inner-section elementor-element elementor-element-6c9f8e7 elementor-section-boxed elementor-section-height-default elementor-section-height-default\" data-id=\"6c9f8e7\" data-element_type=\"section\">\n\t\t\t\t\t\t<div class=\"elementor-container elementor-column-gap-default\">\n\t\t\t\t\t<div class=\"elementor-column elementor-col-50 elementor-inner-column elementor-element elementor-element-5175009\" data-id=\"5175009\" data-element_type=\"column\">\n\t\t\t<div class=\"elementor-widget-wrap elementor-element-populated\">\n\t\t\t\t\t\t<div class=\"elementor-element elementor-element-4a9de3c elementor-widget elementor-widget-text-editor\" data-id=\"4a9de3c\" data-element_type=\"widget\" data-widget_type=\"text-editor.default\">\n\t\t\t\t<div class=\"elementor-widget-container\">\n\t\t\t\t\t\t\t\t\t<p><strong>Fechas<\/strong><\/p><ul><li>Domingo 19 de abril<\/li><\/ul><p><strong>Horario<\/strong><\/p><ul><li>9.30- 14.00<\/li><\/ul><p><span style=\"color: #ff0000;\"><strong>\u201cRedes\u201d organiza la actividad. La persona admitida debe trasladarse al lugar donde se realiza la actividad.<\/strong><\/span><\/p>\t\t\t\t\t\t\t\t<\/div>\n\t\t\t\t<\/div>\n\t\t\t\t\t<\/div>\n\t\t<\/div>\n\t\t\t\t<div class=\"elementor-column elementor-col-50 elementor-inner-column elementor-element elementor-element-fb170f8\" data-id=\"fb170f8\" data-element_type=\"column\">\n\t\t\t<div class=\"elementor-widget-wrap elementor-element-populated\">\n\t\t\t\t\t\t<div class=\"elementor-element elementor-element-7279a2e elementor-widget elementor-widget-text-editor\" data-id=\"7279a2e\" data-element_type=\"widget\" data-widget_type=\"text-editor.default\">\n\t\t\t\t<div class=\"elementor-widget-container\">\n\t\t\t\t\t\t\t\t\t<div><p><strong><span style=\"color: #ff0000;\">Es obligado y necesario que rellenes la\u00a0<\/span><\/strong><br \/><strong><span style=\"color: #ff0000;\">pesta\u00f1a de \u00abINSCRIPCI\u00d3N\u00bb de la web y adjuntes los documentos\u00a0<\/span><\/strong><br \/><strong><span style=\"color: #ff0000;\">solicitados :\u00a0<\/span><\/strong><\/p><p><strong><span style=\"color: #ff0000;\">&#8211; Si eres mayor de edad DNI\u00a0<\/span><\/strong><\/p><p><strong><span style=\"color: #ff0000;\">&#8211; Si en tu DNI el\u00a0domicilio\u202f no\u00a0corresponde al municipio de Murcia,\u00a0<\/span><\/strong><br \/><strong><span style=\"color: #ff0000;\">necesitar\u00e1s adjuntar alg\u00fan documento que acredite que resides, estudias o\u00a0<\/span><\/strong><br \/><strong><span style=\"color: #ff0000;\">trabajas en el municipio de Murcia\u00a0<\/span><\/strong><\/p><p>En esta actividad solo podr\u00e1n participar j\u00f3venes de 18 a 30 a\u00f1os, residentes en el municipio de Murcia.\u00a0<\/p><\/div>\t\t\t\t\t\t\t\t<\/div>\n\t\t\t\t<\/div>\n\t\t\t\t<div class=\"elementor-element elementor-element-1372219 elementor-widget elementor-widget-text-editor\" data-id=\"1372219\" data-element_type=\"widget\" data-widget_type=\"text-editor.default\">\n\t\t\t\t<div class=\"elementor-widget-container\">\n\t\t\t\t\t\t\t\t\t<p><strong>Lugar<\/strong><\/p><p>Callosa del Segura<\/p>\t\t\t\t\t\t\t\t<\/div>\n\t\t\t\t<\/div>\n\t\t\t\t<div class=\"elementor-element elementor-element-aefca64 elementor-widget elementor-widget-google_maps\" data-id=\"aefca64\" data-element_type=\"widget\" data-widget_type=\"google_maps.default\">\n\t\t\t\t<div class=\"elementor-widget-container\">\n\t\t\t\t\t\t\t<div class=\"elementor-custom-embed\">\n\t\t\t<iframe loading=\"lazy\"\n\t\t\t\t\tsrc=\"https:\/\/maps.google.com\/maps?q=Callosa%20del%20Segura&#038;t=m&#038;z=8&#038;output=embed&#038;iwloc=near\"\n\t\t\t\t\ttitle=\"Callosa del Segura\"\n\t\t\t\t\taria-label=\"Callosa del Segura\"\n\t\t\t><\/iframe>\n\t\t<\/div>\n\t\t\t\t\t\t<\/div>\n\t\t\t\t<\/div>\n\t\t\t\t\t<\/div>\n\t\t<\/div>\n\t\t\t\t\t<\/div>\n\t\t<\/section>\n\t\t\t\t\t<\/div>\n\t\t<\/div>\n\t\t\t\t\t<\/div>\n\t\t<\/section>\n\t\t\t\t<\/div>\n\t\t","protected":false},"excerpt":{"rendered":"<p>Una via ferrata es un trayecto por monta\u00f1a, el cual puede ser ascendente, descendente, horizontal, diagonal y nos ayudaremos de elementos externos propios de este deporte, como la l\u00ednea de vida, los pelda\u00f1os, tirolinas, etc&#8230; La via ferrata de callosa del segura (k3) es una de las m\u00e1s divertidas del sudeste espa\u00f1ol y en ella [&hellip;]<\/p>\n","protected":false},"author":1,"featured_media":4851,"comment_status":"closed","ping_status":"closed","sticky":false,"template":"","format":"standard","meta":{"_eb_attr":"","footnotes":""},"categories":[1,22],"tags":[],"class_list":["post-7228","post","type-post","status-publish","format-standard","has-post-thumbnail","hentry","category-actividades","category-domingo"],"_links":{"self":[{"href":"https:\/\/www.redestiempolibremurcia.es\/index.php?rest_route=\/wp\/v2\/posts\/7228","targetHints":{"allow":["GET"]}}],"collection":[{"href":"https:\/\/www.redestiempolibremurcia.es\/index.php?rest_route=\/wp\/v2\/posts"}],"about":[{"href":"https:\/\/www.redestiempolibremurcia.es\/index.php?rest_route=\/wp\/v2\/types\/post"}],"author":[{"embeddable":true,"href":"https:\/\/www.redestiempolibremurcia.es\/index.php?rest_route=\/wp\/v2\/users\/1"}],"replies":[{"embeddable":true,"href":"https:\/\/www.redestiempolibremurcia.es\/index.php?rest_route=%2Fwp%2Fv2%2Fcomments&post=7228"}],"version-history":[{"count":18,"href":"https:\/\/www.redestiempolibremurcia.es\/index.php?rest_route=\/wp\/v2\/posts\/7228\/revisions"}],"predecessor-version":[{"id":8654,"href":"https:\/\/www.redestiempolibremurcia.es\/index.php?rest_route=\/wp\/v2\/posts\/7228\/revisions\/8654"}],"wp:featuredmedia":[{"embeddable":true,"href":"https:\/\/www.redestiempolibremurcia.es\/index.php?rest_route=\/wp\/v2\/media\/4851"}],"wp:attachment":[{"href":"https:\/\/www.redestiempolibremurcia.es\/index.php?rest_route=%2Fwp%2Fv2%2Fmedia&parent=7228"}],"wp:term":[{"taxonomy":"category","embeddable":true,"href":"https:\/\/www.redestiempolibremurcia.es\/index.php?rest_route=%2Fwp%2Fv2%2Fcategories&post=7228"},{"taxonomy":"post_tag","embeddable":true,"href":"https:\/\/www.redestiempolibremurcia.es\/index.php?rest_route=%2Fwp%2Fv2%2Ftags&post=7228"}],"curies":[{"name":"wp","href":"https:\/\/api.w.org\/{rel}","templated":true}]}}