{"id":7684,"date":"2025-03-16T17:25:01","date_gmt":"2025-03-16T17:25:01","guid":{"rendered":"https:\/\/www.redestiempolibremurcia.es\/?p=7684"},"modified":"2026-04-17T10:48:30","modified_gmt":"2026-04-17T10:48:30","slug":"descenso-con-cuerdas-cueva-de-neptuno-18-a-30-anos-2","status":"publish","type":"post","link":"https:\/\/www.redestiempolibremurcia.es\/?p=7684","title":{"rendered":"SENDERISMO Y DESCENSO A LA  CUEVA DE NEPTUNO (18 a 30 a\u00f1os)"},"content":{"rendered":"\t\t<div data-elementor-type=\"wp-post\" data-elementor-id=\"7684\" class=\"elementor elementor-7684\">\n\t\t\t\t\t\t<section class=\"elementor-section elementor-top-section elementor-element elementor-element-5b35622c elementor-section-boxed elementor-section-height-default elementor-section-height-default\" data-id=\"5b35622c\" data-element_type=\"section\">\n\t\t\t\t\t\t<div class=\"elementor-container elementor-column-gap-default\">\n\t\t\t\t\t<div class=\"elementor-column elementor-col-100 elementor-top-column elementor-element elementor-element-736905e3\" data-id=\"736905e3\" data-element_type=\"column\">\n\t\t\t<div class=\"elementor-widget-wrap elementor-element-populated\">\n\t\t\t\t\t\t<div class=\"elementor-element elementor-element-f27bdf0 elementor-widget elementor-widget-image\" data-id=\"f27bdf0\" data-element_type=\"widget\" data-widget_type=\"image.default\">\n\t\t\t\t<div class=\"elementor-widget-container\">\n\t\t\t\t\t\t\t\t\t\t\t\t\t\t\t<img decoding=\"async\" width=\"300\" height=\"105\" src=\"https:\/\/www.redestiempolibremurcia.es\/wp-content\/uploads\/2020\/11\/talento-300x105.jpg\" class=\"attachment-medium size-medium wp-image-8736\" alt=\"\" srcset=\"https:\/\/www.redestiempolibremurcia.es\/wp-content\/uploads\/2020\/11\/talento-300x105.jpg 300w, https:\/\/www.redestiempolibremurcia.es\/wp-content\/uploads\/2020\/11\/talento.jpg 459w\" sizes=\"(max-width: 300px) 100vw, 300px\" \/>\t\t\t\t\t\t\t\t\t\t\t\t\t\t\t<\/div>\n\t\t\t\t<\/div>\n\t\t\t\t<div class=\"elementor-element elementor-element-e6a8410 elementor-widget elementor-widget-image\" data-id=\"e6a8410\" data-element_type=\"widget\" data-widget_type=\"image.default\">\n\t\t\t\t<div class=\"elementor-widget-container\">\n\t\t\t\t\t\t\t\t\t\t\t\t\t\t\t<img fetchpriority=\"high\" decoding=\"async\" width=\"800\" height=\"450\" src=\"https:\/\/www.redestiempolibremurcia.es\/wp-content\/uploads\/2025\/03\/WhatsApp-Image-2026-03-24-at-17.40.24-1024x576.jpeg\" class=\"attachment-large size-large wp-image-8692\" alt=\"\" srcset=\"https:\/\/www.redestiempolibremurcia.es\/wp-content\/uploads\/2025\/03\/WhatsApp-Image-2026-03-24-at-17.40.24-1024x576.jpeg 1024w, https:\/\/www.redestiempolibremurcia.es\/wp-content\/uploads\/2025\/03\/WhatsApp-Image-2026-03-24-at-17.40.24-300x169.jpeg 300w, https:\/\/www.redestiempolibremurcia.es\/wp-content\/uploads\/2025\/03\/WhatsApp-Image-2026-03-24-at-17.40.24-768x432.jpeg 768w, https:\/\/www.redestiempolibremurcia.es\/wp-content\/uploads\/2025\/03\/WhatsApp-Image-2026-03-24-at-17.40.24-1536x864.jpeg 1536w, https:\/\/www.redestiempolibremurcia.es\/wp-content\/uploads\/2025\/03\/WhatsApp-Image-2026-03-24-at-17.40.24.jpeg 1600w\" sizes=\"(max-width: 800px) 100vw, 800px\" \/>\t\t\t\t\t\t\t\t\t\t\t\t\t\t\t<\/div>\n\t\t\t\t<\/div>\n\t\t\t\t<div class=\"elementor-element elementor-element-7720416 elementor-widget-divider--view-line elementor-widget elementor-widget-divider\" data-id=\"7720416\" data-element_type=\"widget\" data-widget_type=\"divider.default\">\n\t\t\t\t<div class=\"elementor-widget-container\">\n\t\t\t\t\t\t\t<div class=\"elementor-divider\">\n\t\t\t<span class=\"elementor-divider-separator\">\n\t\t\t\t\t\t<\/span>\n\t\t<\/div>\n\t\t\t\t\t\t<\/div>\n\t\t\t\t<\/div>\n\t\t\t\t<div class=\"elementor-element elementor-element-8b56c90 elementor-widget elementor-widget-text-editor\" data-id=\"8b56c90\" data-element_type=\"widget\" data-widget_type=\"text-editor.default\">\n\t\t\t\t<div class=\"elementor-widget-container\">\n\t\t\t\t\t\t\t\t\t<p style=\"font-size: 14.4px;\">Esta ruta cuenta en su recorrido con un paisaje \u00fanico en el cual observaremos el litoral murciano desde cabo Ti\u00f1oso hasta el puerto de Cartagena. Iniciaremos el itinerario a pie desde la poblaci\u00f3n del Campico de adentro. Realizaremos la marcha por la zona del interior donde salvaremos el desnivel mayor positivo por pista. Una vez en la zona de Boletes, seguiremos por una senda pr\u00f3xima a la costa hasta cala Aguilar. Este recorrido ser\u00e1 m\u00e1s o menos de 1,30 horas. Despu\u00e9s del trayecto a pie, llegaremos a cala Aguilar donde esperaremos a la instalaci\u00f3n del descenso. Si el mar est\u00e1 en calma y apetece hay posibilidad de ba\u00f1o.<\/p><p style=\"font-size: 14.4px;\">Haremos la aproximaci\u00f3n a la cavidad y descenderemos por una cuerda pasamanos que nos servir\u00e1 de anclaje para descender unos 15 mtrs hasta un peque\u00f1o rapel de unos 8 metros que despu\u00e9s habr\u00eda que remontar. De ah\u00ed acedemos a un lago interior que tambi\u00e9n permite el ba\u00f1o. Una vez fuera de la cavidad, podemos tomar algo ligero en la playa y comenzar el retorno.<\/p><p style=\"font-size: 14.4px;\">Hay que traer una luz frontal y toalla, agua, impermeable, as\u00ed como ropa seca en el coche para el retorno. Calzado apto para monta\u00f1a.<\/p><p style=\"font-size: 14.4px;\"><strong style=\"font-size: 14.4px;\">Duraci\u00f3n:<\/strong>\u00a05 horas aprox<\/p><p style=\"font-size: 14.4px;\"><strong style=\"font-size: 14.4px;\">Dificultad:<\/strong>\u00a0media \/alta<\/p><p style=\"font-size: 14.4px;\"><span style=\"font-size: 14.4px; font-weight: bold;\">Desnivel:\u00a0<\/span>479 metros<\/p>\t\t\t\t\t\t\t\t<\/div>\n\t\t\t\t<\/div>\n\t\t\t\t<section class=\"elementor-section elementor-inner-section elementor-element elementor-element-6c9f8e7 elementor-section-boxed elementor-section-height-default elementor-section-height-default\" data-id=\"6c9f8e7\" data-element_type=\"section\">\n\t\t\t\t\t\t<div class=\"elementor-container elementor-column-gap-default\">\n\t\t\t\t\t<div class=\"elementor-column elementor-col-50 elementor-inner-column elementor-element elementor-element-5175009\" data-id=\"5175009\" data-element_type=\"column\">\n\t\t\t<div class=\"elementor-widget-wrap elementor-element-populated\">\n\t\t\t\t\t\t<div class=\"elementor-element elementor-element-4a9de3c elementor-widget elementor-widget-text-editor\" data-id=\"4a9de3c\" data-element_type=\"widget\" data-widget_type=\"text-editor.default\">\n\t\t\t\t<div class=\"elementor-widget-container\">\n\t\t\t\t\t\t\t\t\t<h3>\u00a0<\/h3>\n<p><strong>Fecha<\/strong><\/p>\n<ul>\n<li><span class=\"EOP SCXW7293625 BCX0\" data-ccp-props=\"{&quot;134233117&quot;:false,&quot;134233118&quot;:false,&quot;201341983&quot;:0,&quot;335559738&quot;:0,&quot;335559739&quot;:0,&quot;335559740&quot;:240}\">Domingo 24 de mayo<\/span><\/li>\n<\/ul>\n<p><strong>Horario<\/strong><\/p>\n<ul>\n<li>\u00a08.00-15:00 horas<\/li>\n<\/ul>\n<p><span style=\"color: #ff0000;\"><strong>\u201cRedes\u201d organiza la actividad. La persona admitida debe trasladarse al lugar donde se realiza la actividad<\/strong><\/span><\/p>\t\t\t\t\t\t\t\t<\/div>\n\t\t\t\t<\/div>\n\t\t\t\t\t<\/div>\n\t\t<\/div>\n\t\t\t\t<div class=\"elementor-column elementor-col-50 elementor-inner-column elementor-element elementor-element-fb170f8\" data-id=\"fb170f8\" data-element_type=\"column\">\n\t\t\t<div class=\"elementor-widget-wrap elementor-element-populated\">\n\t\t\t\t\t\t<div class=\"elementor-element elementor-element-7279a2e elementor-widget elementor-widget-text-editor\" data-id=\"7279a2e\" data-element_type=\"widget\" data-widget_type=\"text-editor.default\">\n\t\t\t\t<div class=\"elementor-widget-container\">\n\t\t\t\t\t\t\t\t\t<p><span style=\"color: #ff0000;\"><b>Es obligado y necesario que rellenes la<\/b>\u00a0<\/span><br \/><span style=\"color: #ff0000;\"><b>pesta\u00f1a de \u00abINSCRIPCI\u00d3N\u00bb de la web y adjuntes los documentos<\/b>\u00a0<\/span><br \/><span style=\"color: #ff0000;\"><b>solicitados :<\/b>\u00a0<\/span><\/p><p><span style=\"color: #ff0000;\"><b>&#8211; Si eres mayor de edad DNI<\/b>\u00a0<\/span><\/p><p><span style=\"color: #ff0000;\"><b>&#8211; Si en tu DNI el\u00a0domicilio\u202f no\u00a0corresponde al municipio de Murcia,<\/b>\u00a0<\/span><br \/><span style=\"color: #ff0000;\"><b>necesitar\u00e1s adjuntar alg\u00fan documento que acredite que resides, estudias o<\/b>\u00a0<\/span><br \/><span style=\"color: #ff0000;\"><b>trabajas en el municipio de Murcia<\/b>\u00a0<\/span><\/p><p><span data-contrast=\"auto\">En esta actividad solo podr\u00e1n participar j\u00f3venes de 18 a 30 a\u00f1os, residentes en el municipio de Murcia.<\/span><span data-ccp-props=\"{}\">\u00a0<\/span><\/p>\t\t\t\t\t\t\t\t<\/div>\n\t\t\t\t<\/div>\n\t\t\t\t<div class=\"elementor-element elementor-element-1372219 elementor-widget elementor-widget-text-editor\" data-id=\"1372219\" data-element_type=\"widget\" data-widget_type=\"text-editor.default\">\n\t\t\t\t<div class=\"elementor-widget-container\">\n\t\t\t\t\t\t\t\t\t<p><strong>Lugar<\/strong><\/p><p>La Azoh\u00eda<\/p>\t\t\t\t\t\t\t\t<\/div>\n\t\t\t\t<\/div>\n\t\t\t\t<div class=\"elementor-element elementor-element-aefca64 elementor-widget elementor-widget-google_maps\" data-id=\"aefca64\" data-element_type=\"widget\" data-widget_type=\"google_maps.default\">\n\t\t\t\t<div class=\"elementor-widget-container\">\n\t\t\t\t\t\t\t<div class=\"elementor-custom-embed\">\n\t\t\t<iframe loading=\"lazy\"\n\t\t\t\t\tsrc=\"https:\/\/maps.google.com\/maps?q=el%20portus&#038;t=m&#038;z=10&#038;output=embed&#038;iwloc=near\"\n\t\t\t\t\ttitle=\"el portus\"\n\t\t\t\t\taria-label=\"el portus\"\n\t\t\t><\/iframe>\n\t\t<\/div>\n\t\t\t\t\t\t<\/div>\n\t\t\t\t<\/div>\n\t\t\t\t\t<\/div>\n\t\t<\/div>\n\t\t\t\t\t<\/div>\n\t\t<\/section>\n\t\t\t\t\t<\/div>\n\t\t<\/div>\n\t\t\t\t\t<\/div>\n\t\t<\/section>\n\t\t\t\t<\/div>\n\t\t","protected":false},"excerpt":{"rendered":"<p>Esta ruta cuenta en su recorrido con un paisaje \u00fanico en el cual observaremos el litoral murciano desde cabo Ti\u00f1oso hasta el puerto de Cartagena. Iniciaremos el itinerario a pie desde la poblaci\u00f3n del Campico de adentro. Realizaremos la marcha por la zona del interior donde salvaremos el desnivel mayor positivo por pista. Una vez [&hellip;]<\/p>\n","protected":false},"author":1,"featured_media":8692,"comment_status":"closed","ping_status":"closed","sticky":false,"template":"","format":"standard","meta":{"_eb_attr":"","footnotes":""},"categories":[1,22],"tags":[],"class_list":["post-7684","post","type-post","status-publish","format-standard","has-post-thumbnail","hentry","category-actividades","category-domingo"],"_links":{"self":[{"href":"https:\/\/www.redestiempolibremurcia.es\/index.php?rest_route=\/wp\/v2\/posts\/7684","targetHints":{"allow":["GET"]}}],"collection":[{"href":"https:\/\/www.redestiempolibremurcia.es\/index.php?rest_route=\/wp\/v2\/posts"}],"about":[{"href":"https:\/\/www.redestiempolibremurcia.es\/index.php?rest_route=\/wp\/v2\/types\/post"}],"author":[{"embeddable":true,"href":"https:\/\/www.redestiempolibremurcia.es\/index.php?rest_route=\/wp\/v2\/users\/1"}],"replies":[{"embeddable":true,"href":"https:\/\/www.redestiempolibremurcia.es\/index.php?rest_route=%2Fwp%2Fv2%2Fcomments&post=7684"}],"version-history":[{"count":15,"href":"https:\/\/www.redestiempolibremurcia.es\/index.php?rest_route=\/wp\/v2\/posts\/7684\/revisions"}],"predecessor-version":[{"id":8745,"href":"https:\/\/www.redestiempolibremurcia.es\/index.php?rest_route=\/wp\/v2\/posts\/7684\/revisions\/8745"}],"wp:featuredmedia":[{"embeddable":true,"href":"https:\/\/www.redestiempolibremurcia.es\/index.php?rest_route=\/wp\/v2\/media\/8692"}],"wp:attachment":[{"href":"https:\/\/www.redestiempolibremurcia.es\/index.php?rest_route=%2Fwp%2Fv2%2Fmedia&parent=7684"}],"wp:term":[{"taxonomy":"category","embeddable":true,"href":"https:\/\/www.redestiempolibremurcia.es\/index.php?rest_route=%2Fwp%2Fv2%2Fcategories&post=7684"},{"taxonomy":"post_tag","embeddable":true,"href":"https:\/\/www.redestiempolibremurcia.es\/index.php?rest_route=%2Fwp%2Fv2%2Ftags&post=7684"}],"curies":[{"name":"wp","href":"https:\/\/api.w.org\/{rel}","templated":true}]}}