{"id":7760,"date":"2025-03-13T16:00:11","date_gmt":"2025-03-13T16:00:11","guid":{"rendered":"https:\/\/www.redestiempolibremurcia.es\/?p=7760"},"modified":"2026-03-23T17:31:35","modified_gmt":"2026-03-23T17:31:35","slug":"comic-manga-12-30-anos","status":"publish","type":"post","link":"https:\/\/www.redestiempolibremurcia.es\/?p=7760","title":{"rendered":"C\u00d3MIC MANGA (12 &#8211; 30 A\u00d1OS)"},"content":{"rendered":"\t\t<div data-elementor-type=\"wp-post\" data-elementor-id=\"7760\" class=\"elementor elementor-7760\">\n\t\t\t\t\t\t<section class=\"elementor-section elementor-top-section elementor-element elementor-element-5b35622c elementor-section-boxed elementor-section-height-default elementor-section-height-default\" data-id=\"5b35622c\" data-element_type=\"section\">\n\t\t\t\t\t\t<div class=\"elementor-container elementor-column-gap-default\">\n\t\t\t\t\t<div class=\"elementor-column elementor-col-100 elementor-top-column elementor-element elementor-element-736905e3\" data-id=\"736905e3\" data-element_type=\"column\">\n\t\t\t<div class=\"elementor-widget-wrap elementor-element-populated\">\n\t\t\t\t\t\t<div class=\"elementor-element elementor-element-e6a8410 elementor-widget elementor-widget-image\" data-id=\"e6a8410\" data-element_type=\"widget\" data-widget_type=\"image.default\">\n\t\t\t\t<div class=\"elementor-widget-container\">\n\t\t\t\t\t\t\t\t\t\t\t\t\t\t\t<img decoding=\"async\" src=\"http:\/\/www.redestiempolibremurcia.es\/wp-content\/uploads\/2020\/09\/Comic-Manga-1.jpg\" title=\"\" alt=\"\" loading=\"lazy\" \/>\t\t\t\t\t\t\t\t\t\t\t\t\t\t\t<\/div>\n\t\t\t\t<\/div>\n\t\t\t\t<div class=\"elementor-element elementor-element-fe6466c elementor-widget elementor-widget-image\" data-id=\"fe6466c\" data-element_type=\"widget\" data-widget_type=\"image.default\">\n\t\t\t\t<div class=\"elementor-widget-container\">\n\t\t\t\t\t\t\t\t\t\t\t\t\t\t\t<img fetchpriority=\"high\" decoding=\"async\" width=\"556\" height=\"370\" src=\"https:\/\/www.redestiempolibremurcia.es\/wp-content\/uploads\/2021\/02\/comic-1.jpg\" class=\"attachment-large size-large wp-image-6309\" alt=\"\" srcset=\"https:\/\/www.redestiempolibremurcia.es\/wp-content\/uploads\/2021\/02\/comic-1.jpg 556w, https:\/\/www.redestiempolibremurcia.es\/wp-content\/uploads\/2021\/02\/comic-1-300x200.jpg 300w, https:\/\/www.redestiempolibremurcia.es\/wp-content\/uploads\/2021\/02\/comic-1-272x182.jpg 272w\" sizes=\"(max-width: 556px) 100vw, 556px\" \/>\t\t\t\t\t\t\t\t\t\t\t\t\t\t\t<\/div>\n\t\t\t\t<\/div>\n\t\t\t\t<div class=\"elementor-element elementor-element-69567144 elementor-widget elementor-widget-text-editor\" data-id=\"69567144\" data-element_type=\"widget\" data-widget_type=\"text-editor.default\">\n\t\t\t\t<div class=\"elementor-widget-container\">\n\t\t\t\t\t\t\t\t\t<p data-start=\"77\" data-end=\"150\">\ud83c\udfa8\u2728 <strong data-start=\"81\" data-end=\"143\">Taller de C\u00f3mic Manga \u2013 Aprende a Crear tu Propia Historia<\/strong> \u270f\ufe0f\ud83d\udcd6<\/p><p data-start=\"152\" data-end=\"458\">Si te apasiona el manga y siempre has querido crear tus propios personajes e historias, este taller es para ti. Aprender\u00e1s desde los fundamentos del dibujo hasta t\u00e9cnicas avanzadas para dar vida a tu propio c\u00f3mic con estilo japon\u00e9s. \u00a1No necesitas experiencia previa, solo creatividad y ganas de aprender!<\/p><p data-start=\"460\" data-end=\"647\">\ud83d\udd39 <strong data-start=\"463\" data-end=\"483\">\u00bfQu\u00e9 aprender\u00e1s?<\/strong><br data-start=\"483\" data-end=\"486\" \/>\u2705 Creaci\u00f3n de personajes y expresiones<br data-start=\"524\" data-end=\"527\" \/>\u2705 Construcci\u00f3n de escenarios y fondos<br data-start=\"564\" data-end=\"567\" \/>\u2705 T\u00e9cnicas de entintado y sombreado<br data-start=\"602\" data-end=\"605\" \/>\u2705 Narrativa y estructura del c\u00f3mic manga<\/p><div><span style=\"color: #ff0000;\">Los materiales necesarios para el taller, ser\u00e1n aportados por el participante.<\/span><\/div>\t\t\t\t\t\t\t\t<\/div>\n\t\t\t\t<\/div>\n\t\t\t\t<div class=\"elementor-element elementor-element-7720416 elementor-widget-divider--view-line elementor-widget elementor-widget-divider\" data-id=\"7720416\" data-element_type=\"widget\" data-widget_type=\"divider.default\">\n\t\t\t\t<div class=\"elementor-widget-container\">\n\t\t\t\t\t\t\t<div class=\"elementor-divider\">\n\t\t\t<span class=\"elementor-divider-separator\">\n\t\t\t\t\t\t<\/span>\n\t\t<\/div>\n\t\t\t\t\t\t<\/div>\n\t\t\t\t<\/div>\n\t\t\t\t<section class=\"elementor-section elementor-inner-section elementor-element elementor-element-6c9f8e7 elementor-section-boxed elementor-section-height-default elementor-section-height-default\" data-id=\"6c9f8e7\" data-element_type=\"section\">\n\t\t\t\t\t\t<div class=\"elementor-container elementor-column-gap-default\">\n\t\t\t\t\t<div class=\"elementor-column elementor-col-50 elementor-inner-column elementor-element elementor-element-5175009\" data-id=\"5175009\" data-element_type=\"column\">\n\t\t\t<div class=\"elementor-widget-wrap elementor-element-populated\">\n\t\t\t\t\t\t<div class=\"elementor-element elementor-element-4a9de3c elementor-widget elementor-widget-text-editor\" data-id=\"4a9de3c\" data-element_type=\"widget\" data-widget_type=\"text-editor.default\">\n\t\t\t\t<div class=\"elementor-widget-container\">\n\t\t\t\t\t\t\t\t\t<p><strong>Fechas<\/strong><\/p><ul><li><p>S\u00e1bado 18\/25 abril, 9\/16\/22\/23\/30 mayo, 6\/13 junio<\/p><\/li><\/ul><p><strong>Horario<\/strong><\/p><ul><li>10.00-11.30\u00a0<\/li><\/ul>\t\t\t\t\t\t\t\t<\/div>\n\t\t\t\t<\/div>\n\t\t\t\t\t<\/div>\n\t\t<\/div>\n\t\t\t\t<div class=\"elementor-column elementor-col-50 elementor-inner-column elementor-element elementor-element-fb170f8\" data-id=\"fb170f8\" data-element_type=\"column\">\n\t\t\t<div class=\"elementor-widget-wrap elementor-element-populated\">\n\t\t\t\t\t\t<div class=\"elementor-element elementor-element-1372219 elementor-widget elementor-widget-text-editor\" data-id=\"1372219\" data-element_type=\"widget\" data-widget_type=\"text-editor.default\">\n\t\t\t\t<div class=\"elementor-widget-container\">\n\t\t\t\t\t\t\t\t\t<p><strong>Lugar<\/strong><\/p><p>585 Espacio Joven.<\/p><p>Plaza Toledo, s\/n, 30009 Murcia<\/p>\t\t\t\t\t\t\t\t<\/div>\n\t\t\t\t<\/div>\n\t\t\t\t<div class=\"elementor-element elementor-element-aefca64 elementor-widget elementor-widget-google_maps\" data-id=\"aefca64\" data-element_type=\"widget\" data-widget_type=\"google_maps.default\">\n\t\t\t\t<div class=\"elementor-widget-container\">\n\t\t\t\t\t\t\t<div class=\"elementor-custom-embed\">\n\t\t\t<iframe loading=\"lazy\"\n\t\t\t\t\tsrc=\"https:\/\/maps.google.com\/maps?q=585%20Espacio%20Joven.&#038;t=m&#038;z=10&#038;output=embed&#038;iwloc=near\"\n\t\t\t\t\ttitle=\"585 Espacio Joven.\"\n\t\t\t\t\taria-label=\"585 Espacio Joven.\"\n\t\t\t><\/iframe>\n\t\t<\/div>\n\t\t\t\t\t\t<\/div>\n\t\t\t\t<\/div>\n\t\t\t\t\t<\/div>\n\t\t<\/div>\n\t\t\t\t\t<\/div>\n\t\t<\/section>\n\t\t\t\t<div class=\"elementor-element elementor-element-7279a2e elementor-widget elementor-widget-text-editor\" data-id=\"7279a2e\" data-element_type=\"widget\" data-widget_type=\"text-editor.default\">\n\t\t\t\t<div class=\"elementor-widget-container\">\n\t\t\t\t\t\t\t\t\t<p><strong style=\"font-size: 14.4px;\"><span style=\"color:red\">Es obligado y necesario que rellenes la\npesta\u00f1a de \u00abINSCRIPCI\u00d3N\u00bb de la web y adjuntes los documentos\nsolicitados :<\/span><\/strong><\/p>\n\n<p><strong><span style=\"color:red\">&#8211; Si eres mayor de edad DNI<\/span><\/strong><o:p><\/o:p><\/p>\n\n<p><strong><span style=\"color:red\">&#8211; Si en tu DNI el domicilio&nbsp; no corresponde al municipio de Murcia,\nnecesitar\u00e1s adjuntar alg\u00fan documento que acredite que resides, estudias o\ntrabajas en el municipio de Murcia<\/span><\/strong><o:p><\/o:p><\/p>\n\n<p><strong><span style=\"color:red\">&#8211; Si eres menor de edad DNI&nbsp; , DNI de\nla persona que autoriza al menor de edad y el Documento de inscripci\u00f3n y\nautorizaci\u00f3n de menores de edad.<\/span><\/strong><o:p><\/o:p><\/p>\n\n<p><a href=\"https:\/\/salzilloseguridad-my.sharepoint.com\/:b:\/g\/personal\/redesmurcia_salzillosi_com\/EeXGihYIK8hMkk9pIuhcD8UBeFlH9J3y_fAgoAj4kAXswQ?e=8W0grH\"><b><span style=\"font-size:11.0pt\">Descargar\ndocumento de inscripci\u00f3n y autorizaci\u00f3n a menores de edad<\/span><\/b><\/a><b><o:p><\/o:p><\/b><\/p>\n<p>En las actividades solo podr\u00e1n participar j\u00f3venes de 12 a 30 a\u00f1os, residentes en el municipio de Murcia.<\/p>\t\t\t\t\t\t\t\t<\/div>\n\t\t\t\t<\/div>\n\t\t\t\t\t<\/div>\n\t\t<\/div>\n\t\t\t\t\t<\/div>\n\t\t<\/section>\n\t\t\t\t<\/div>\n\t\t","protected":false},"excerpt":{"rendered":"<p>\ud83c\udfa8\u2728 Taller de C\u00f3mic Manga \u2013 Aprende a Crear tu Propia Historia \u270f\ufe0f\ud83d\udcd6 Si te apasiona el manga y siempre has querido crear tus propios personajes e historias, este taller es para ti. Aprender\u00e1s desde los fundamentos del dibujo hasta t\u00e9cnicas avanzadas para dar vida a tu propio c\u00f3mic con estilo japon\u00e9s. \u00a1No necesitas experiencia [&hellip;]<\/p>\n","protected":false},"author":1,"featured_media":6309,"comment_status":"closed","ping_status":"closed","sticky":false,"template":"","format":"standard","meta":{"_eb_attr":"","footnotes":""},"categories":[1,21],"tags":[],"class_list":["post-7760","post","type-post","status-publish","format-standard","has-post-thumbnail","hentry","category-actividades","category-sabado"],"_links":{"self":[{"href":"https:\/\/www.redestiempolibremurcia.es\/index.php?rest_route=\/wp\/v2\/posts\/7760","targetHints":{"allow":["GET"]}}],"collection":[{"href":"https:\/\/www.redestiempolibremurcia.es\/index.php?rest_route=\/wp\/v2\/posts"}],"about":[{"href":"https:\/\/www.redestiempolibremurcia.es\/index.php?rest_route=\/wp\/v2\/types\/post"}],"author":[{"embeddable":true,"href":"https:\/\/www.redestiempolibremurcia.es\/index.php?rest_route=\/wp\/v2\/users\/1"}],"replies":[{"embeddable":true,"href":"https:\/\/www.redestiempolibremurcia.es\/index.php?rest_route=%2Fwp%2Fv2%2Fcomments&post=7760"}],"version-history":[{"count":16,"href":"https:\/\/www.redestiempolibremurcia.es\/index.php?rest_route=\/wp\/v2\/posts\/7760\/revisions"}],"predecessor-version":[{"id":8601,"href":"https:\/\/www.redestiempolibremurcia.es\/index.php?rest_route=\/wp\/v2\/posts\/7760\/revisions\/8601"}],"wp:featuredmedia":[{"embeddable":true,"href":"https:\/\/www.redestiempolibremurcia.es\/index.php?rest_route=\/wp\/v2\/media\/6309"}],"wp:attachment":[{"href":"https:\/\/www.redestiempolibremurcia.es\/index.php?rest_route=%2Fwp%2Fv2%2Fmedia&parent=7760"}],"wp:term":[{"taxonomy":"category","embeddable":true,"href":"https:\/\/www.redestiempolibremurcia.es\/index.php?rest_route=%2Fwp%2Fv2%2Fcategories&post=7760"},{"taxonomy":"post_tag","embeddable":true,"href":"https:\/\/www.redestiempolibremurcia.es\/index.php?rest_route=%2Fwp%2Fv2%2Ftags&post=7760"}],"curies":[{"name":"wp","href":"https:\/\/api.w.org\/{rel}","templated":true}]}}