{"id":8401,"date":"2026-01-07T17:29:04","date_gmt":"2026-01-07T17:29:04","guid":{"rendered":"https:\/\/www.redestiempolibremurcia.es\/?p=8401"},"modified":"2026-04-17T11:57:04","modified_gmt":"2026-04-17T11:57:04","slug":"ruta-entre-la-sierra-y-la-huerta-16-30-anos","status":"publish","type":"post","link":"https:\/\/www.redestiempolibremurcia.es\/?p=8401","title":{"rendered":"RUTA CULTURAL: \u00abENTRE LA SIERRA Y LA HUERTA\u00bb (16-30 A\u00d1OS)"},"content":{"rendered":"\t\t<div data-elementor-type=\"wp-post\" data-elementor-id=\"8401\" class=\"elementor elementor-8401\">\n\t\t\t\t\t\t<section class=\"elementor-section elementor-top-section elementor-element elementor-element-5b35622c elementor-section-boxed elementor-section-height-default elementor-section-height-default\" data-id=\"5b35622c\" data-element_type=\"section\">\n\t\t\t\t\t\t<div class=\"elementor-container elementor-column-gap-default\">\n\t\t\t\t\t<div class=\"elementor-column elementor-col-100 elementor-top-column elementor-element elementor-element-736905e3\" data-id=\"736905e3\" data-element_type=\"column\">\n\t\t\t<div class=\"elementor-widget-wrap elementor-element-populated\">\n\t\t\t\t\t\t<div class=\"elementor-element elementor-element-47ecf5e elementor-widget elementor-widget-image\" data-id=\"47ecf5e\" data-element_type=\"widget\" data-widget_type=\"image.default\">\n\t\t\t\t<div class=\"elementor-widget-container\">\n\t\t\t\t\t\t\t\t\t\t\t\t\t\t\t<img decoding=\"async\" width=\"300\" height=\"105\" src=\"https:\/\/www.redestiempolibremurcia.es\/wp-content\/uploads\/2020\/11\/talento-300x105.jpg\" class=\"attachment-medium size-medium wp-image-8736\" alt=\"\" srcset=\"https:\/\/www.redestiempolibremurcia.es\/wp-content\/uploads\/2020\/11\/talento-300x105.jpg 300w, https:\/\/www.redestiempolibremurcia.es\/wp-content\/uploads\/2020\/11\/talento.jpg 459w\" sizes=\"(max-width: 300px) 100vw, 300px\" \/>\t\t\t\t\t\t\t\t\t\t\t\t\t\t\t<\/div>\n\t\t\t\t<\/div>\n\t\t\t\t<div class=\"elementor-element elementor-element-e6a8410 elementor-widget elementor-widget-image\" data-id=\"e6a8410\" data-element_type=\"widget\" data-widget_type=\"image.default\">\n\t\t\t\t<div class=\"elementor-widget-container\">\n\t\t\t\t\t\t\t\t\t\t\t\t\t\t\t<img fetchpriority=\"high\" decoding=\"async\" width=\"290\" height=\"196\" src=\"https:\/\/www.redestiempolibremurcia.es\/wp-content\/uploads\/2026\/01\/FUEN.jpg\" class=\"attachment-large size-large wp-image-8402\" alt=\"\" \/>\t\t\t\t\t\t\t\t\t\t\t\t\t\t\t<\/div>\n\t\t\t\t<\/div>\n\t\t\t\t<div class=\"elementor-element elementor-element-69567144 elementor-widget elementor-widget-text-editor\" data-id=\"69567144\" data-element_type=\"widget\" data-widget_type=\"text-editor.default\">\n\t\t\t\t<div class=\"elementor-widget-container\">\n\t\t\t\t\t\t\t\t\t<p>Un recorrido donde se a\u00fana naturaleza y arte, a trav\u00e9s de la visita a distintos lugares como son la Ermita de San Antonio El Pobre y el mirador de la Luz. Desde San Antonio y atravesando una f\u00e1cil subida de la Sierra del Valle, se iniciar\u00e1 un agradable sendero de dos kil\u00f3metros que nos llevar\u00e1 al yacimiento \u00edbero de la Luz. Posteriormente accederemos al Centro de Visitantes de la Luz, donde conoceremos los enclaves m\u00e1s importantes para seguir descubriendo la zona, y el curioso Monasterio de los antiguos Hermanos de la Luz.<\/p><p><br \/>ITINERARIO<\/p><p>Centro de Visitantes de San Antonio<br \/>Sendero del Valle<br \/>Yacimiento y Centro de Visitantes de la Luz (Con una impresionante panor\u00e1mica de la huerta murciana).<br \/>Monasterio de la Luz<\/p><p>\u00a0<\/p>\t\t\t\t\t\t\t\t<\/div>\n\t\t\t\t<\/div>\n\t\t\t\t<div class=\"elementor-element elementor-element-7720416 elementor-widget-divider--view-line elementor-widget elementor-widget-divider\" data-id=\"7720416\" data-element_type=\"widget\" data-widget_type=\"divider.default\">\n\t\t\t\t<div class=\"elementor-widget-container\">\n\t\t\t\t\t\t\t<div class=\"elementor-divider\">\n\t\t\t<span class=\"elementor-divider-separator\">\n\t\t\t\t\t\t<\/span>\n\t\t<\/div>\n\t\t\t\t\t\t<\/div>\n\t\t\t\t<\/div>\n\t\t\t\t<section class=\"elementor-section elementor-inner-section elementor-element elementor-element-6c9f8e7 elementor-section-boxed elementor-section-height-default elementor-section-height-default\" data-id=\"6c9f8e7\" data-element_type=\"section\">\n\t\t\t\t\t\t<div class=\"elementor-container elementor-column-gap-default\">\n\t\t\t\t\t<div class=\"elementor-column elementor-col-50 elementor-inner-column elementor-element elementor-element-5175009\" data-id=\"5175009\" data-element_type=\"column\">\n\t\t\t<div class=\"elementor-widget-wrap elementor-element-populated\">\n\t\t\t\t\t\t<div class=\"elementor-element elementor-element-4a9de3c elementor-widget elementor-widget-text-editor\" data-id=\"4a9de3c\" data-element_type=\"widget\" data-widget_type=\"text-editor.default\">\n\t\t\t\t<div class=\"elementor-widget-container\">\n\t\t\t\t\t\t\t\t\t<p><strong>Fechas<\/strong><\/p><ul><li><p><span style=\"font-size: 14.4px; color: #808080; font-family: var( --e-global-typography-text-font-family ), Sans-serif; user-select: text; -webkit-user-drag: none; -webkit-tap-highlight-color: transparent;\" data-ccp-charstyle=\"eop\" data-ccp-charstyle-defn=\"{\">S\u00e1bado 23 de mayo<\/span><\/p><\/li><\/ul><ul><li>16:30 -19:00<\/li><\/ul>\t\t\t\t\t\t\t\t<\/div>\n\t\t\t\t<\/div>\n\t\t\t\t\t<\/div>\n\t\t<\/div>\n\t\t\t\t<div class=\"elementor-column elementor-col-50 elementor-inner-column elementor-element elementor-element-fb170f8\" data-id=\"fb170f8\" data-element_type=\"column\">\n\t\t\t<div class=\"elementor-widget-wrap elementor-element-populated\">\n\t\t\t\t\t\t<div class=\"elementor-element elementor-element-1372219 elementor-widget elementor-widget-text-editor\" data-id=\"1372219\" data-element_type=\"widget\" data-widget_type=\"text-editor.default\">\n\t\t\t\t<div class=\"elementor-widget-container\">\n\t\t\t\t\t\t\t\t\t<p><strong>Lugar<\/strong><\/p><p>Zona de La Fuensanta y El Valle<\/p>\t\t\t\t\t\t\t\t<\/div>\n\t\t\t\t<\/div>\n\t\t\t\t<div class=\"elementor-element elementor-element-aefca64 elementor-widget elementor-widget-google_maps\" data-id=\"aefca64\" data-element_type=\"widget\" data-widget_type=\"google_maps.default\">\n\t\t\t\t<div class=\"elementor-widget-container\">\n\t\t\t\t\t\t\t<div class=\"elementor-custom-embed\">\n\t\t\t<iframe loading=\"lazy\"\n\t\t\t\t\tsrc=\"https:\/\/maps.google.com\/maps?q=Monasterio%20de%20La%20Luz&#038;t=m&#038;z=10&#038;output=embed&#038;iwloc=near\"\n\t\t\t\t\ttitle=\"Monasterio de La Luz\"\n\t\t\t\t\taria-label=\"Monasterio de La Luz\"\n\t\t\t><\/iframe>\n\t\t<\/div>\n\t\t\t\t\t\t<\/div>\n\t\t\t\t<\/div>\n\t\t\t\t\t<\/div>\n\t\t<\/div>\n\t\t\t\t\t<\/div>\n\t\t<\/section>\n\t\t\t\t<div class=\"elementor-element elementor-element-7279a2e elementor-widget elementor-widget-text-editor\" data-id=\"7279a2e\" data-element_type=\"widget\" data-widget_type=\"text-editor.default\">\n\t\t\t\t<div class=\"elementor-widget-container\">\n\t\t\t\t\t\t\t\t\t<p><strong><span style=\"color: red;\">Es obligado y necesario que rellenes la<br>pesta\u00f1a de \u00abINSCRIPCI\u00d3N\u00bb de la web y adjuntes los documentos<br>solicitados :<\/span><\/strong><\/p>\n<p><strong><span style=\"color: #ff0000;\">&#8211; Si eres mayor de edad imagen DNI por las dos caras.<\/span><\/strong><\/p>\n<p><strong><span style=\"color: red;\">&#8211; Si eres menor de edad DNI&nbsp; , DNI de<br>la persona que autoriza al menor de edad y el Documento de inscripci\u00f3n y<br>autorizaci\u00f3n de menores de edad.<\/span><\/strong><\/p>\n<p><strong style=\"font-size: 14.4px;\"><span style=\"font-size: 14.4px; color: red;\">&#8211; Si en tu DNI el domicilio&nbsp; no corresponde al municipio de Murcia,<br>necesitar\u00e1s adjuntar alg\u00fan documento que acredite que resides, estudias o<br>trabajas en el municipio de Murcia<\/span><\/strong><\/p>\n<p><a href=\"https:\/\/salzilloseguridad-my.sharepoint.com\/:b:\/g\/personal\/redesmurcia_salzillosi_com\/EeXGihYIK8hMkk9pIuhcD8UBeFlH9J3y_fAgoAj4kAXswQ?e=8W0grH\"><b><span style=\"font-size: 11.0pt;\">Descargar<br>documento de inscripci\u00f3n y autorizaci\u00f3n a menores de edad<\/span><\/b><\/a><b><\/b><\/p>\n<p>&nbsp; En las actividades s\u00f3lo podr\u00e1n participar j\u00f3venes de 16 a 30 a\u00f1os residentes en el municipio de Murcia.&nbsp;<\/p>\t\t\t\t\t\t\t\t<\/div>\n\t\t\t\t<\/div>\n\t\t\t\t\t<\/div>\n\t\t<\/div>\n\t\t\t\t\t<\/div>\n\t\t<\/section>\n\t\t\t\t<\/div>\n\t\t","protected":false},"excerpt":{"rendered":"<p>Un recorrido donde se a\u00fana naturaleza y arte, a trav\u00e9s de la visita a distintos lugares como son la Ermita de San Antonio El Pobre y el mirador de la Luz. Desde San Antonio y atravesando una f\u00e1cil subida de la Sierra del Valle, se iniciar\u00e1 un agradable sendero de dos kil\u00f3metros que nos llevar\u00e1 [&hellip;]<\/p>\n","protected":false},"author":1,"featured_media":8402,"comment_status":"closed","ping_status":"closed","sticky":false,"template":"","format":"standard","meta":{"_eb_attr":"","footnotes":""},"categories":[1,21],"tags":[],"class_list":["post-8401","post","type-post","status-publish","format-standard","has-post-thumbnail","hentry","category-actividades","category-sabado"],"_links":{"self":[{"href":"https:\/\/www.redestiempolibremurcia.es\/index.php?rest_route=\/wp\/v2\/posts\/8401","targetHints":{"allow":["GET"]}}],"collection":[{"href":"https:\/\/www.redestiempolibremurcia.es\/index.php?rest_route=\/wp\/v2\/posts"}],"about":[{"href":"https:\/\/www.redestiempolibremurcia.es\/index.php?rest_route=\/wp\/v2\/types\/post"}],"author":[{"embeddable":true,"href":"https:\/\/www.redestiempolibremurcia.es\/index.php?rest_route=\/wp\/v2\/users\/1"}],"replies":[{"embeddable":true,"href":"https:\/\/www.redestiempolibremurcia.es\/index.php?rest_route=%2Fwp%2Fv2%2Fcomments&post=8401"}],"version-history":[{"count":24,"href":"https:\/\/www.redestiempolibremurcia.es\/index.php?rest_route=\/wp\/v2\/posts\/8401\/revisions"}],"predecessor-version":[{"id":8790,"href":"https:\/\/www.redestiempolibremurcia.es\/index.php?rest_route=\/wp\/v2\/posts\/8401\/revisions\/8790"}],"wp:featuredmedia":[{"embeddable":true,"href":"https:\/\/www.redestiempolibremurcia.es\/index.php?rest_route=\/wp\/v2\/media\/8402"}],"wp:attachment":[{"href":"https:\/\/www.redestiempolibremurcia.es\/index.php?rest_route=%2Fwp%2Fv2%2Fmedia&parent=8401"}],"wp:term":[{"taxonomy":"category","embeddable":true,"href":"https:\/\/www.redestiempolibremurcia.es\/index.php?rest_route=%2Fwp%2Fv2%2Fcategories&post=8401"},{"taxonomy":"post_tag","embeddable":true,"href":"https:\/\/www.redestiempolibremurcia.es\/index.php?rest_route=%2Fwp%2Fv2%2Ftags&post=8401"}],"curies":[{"name":"wp","href":"https:\/\/api.w.org\/{rel}","templated":true}]}}